{"id":10518,"date":"2023-04-17T17:26:40","date_gmt":"2023-04-17T17:26:40","guid":{"rendered":"https:\/\/imm.ong\/?p=10518"},"modified":"2023-04-17T17:27:05","modified_gmt":"2023-04-17T17:27:05","slug":"imm-comecou-2023-a-todo-vapor","status":"publish","type":"post","link":"https:\/\/imm.ong\/en\/projetos-imm\/imm-comecou-2023-a-todo-vapor\/","title":{"rendered":"IMM come\u00e7ou 2023 a todo vapor!"},"content":{"rendered":"<h3><span data-contrast=\"auto\">\u00a0S\u00f3 no primeiro trimestre do ano, a ImageMagica j\u00e1 realizou mais de 12 projetos.\u00a0 \u00a0\u00a0<\/span><\/h3>\n<p><span data-contrast=\"auto\">\u00a0 \u00a0 O ano come\u00e7ou agitado na IMM. S\u00f3 nesse trimestre, realizamos mais de <strong>12 campos<\/strong> com p\u00fablicos de idades diversas. Em mais de 25 anos, j\u00e1 vivemos, vimos e ouvimos hist\u00f3rias emocionantes que ganharam um espa\u00e7o especial no cora\u00e7\u00e3o de cada integrante da nossa equipe. N\u00e3o poderia ser diferente em 2023.<\/span><span data-ccp-props=\"{\">\u00a0<\/span><\/p>\n<p><span data-contrast=\"auto\">\u00a0 \u00a0 \u00a0Alguns campos nos tocam de forma especial e carregam muitos aprendizados, tanto para os participantes quanto para n\u00f3s. \u00a0S\u00e3o esses detalhes que tornam o trabalho da IMM t\u00e3o significativo e nos faz crescer cada dia mais.<\/span><span data-ccp-props=\"{\">\u00a0<\/span><\/p>\n<p><span data-contrast=\"auto\"><img decoding=\"async\" class=\"size-medium wp-image-10522 alignleft\" src=\"https:\/\/imm.ong\/wp-content\/uploads\/2023\/04\/FOTO-2-300x200.jpg\" alt=\"\" width=\"300\" height=\"200\" srcset=\"https:\/\/imm.ong\/wp-content\/uploads\/2023\/04\/FOTO-2-300x200.jpg 300w, https:\/\/imm.ong\/wp-content\/uploads\/2023\/04\/FOTO-2-600x400.jpg 600w, https:\/\/imm.ong\/wp-content\/uploads\/2023\/04\/FOTO-2-1024x683.jpg 1024w, https:\/\/imm.ong\/wp-content\/uploads\/2023\/04\/FOTO-2-768x512.jpg 768w, https:\/\/imm.ong\/wp-content\/uploads\/2023\/04\/FOTO-2-900x600.jpg 900w, https:\/\/imm.ong\/wp-content\/uploads\/2023\/04\/FOTO-2.jpg 1488w\" sizes=\"(max-width: 300px) 100vw, 300px\" \/>Durante a execu\u00e7\u00e3o do <strong><a href=\"https:\/\/imm.ong\/projetos-imm\/oficina-de-fotoempoderamento-realiza-imersao-fotografica\/\">PhotoPower<\/a> na Casa Lili<\/strong>, de janeiro a mar\u00e7o deste ano, conhecemos diferentes hist\u00f3rias de mulheres e imigrantes acolhidos. O PhotoPower \u00e9 um projeto pensado para atender <strong>p\u00fablicos em vulnerabilidade social<\/strong> e proporcionar a eles <\/span><span data-contrast=\"none\">momentos de reflex\u00e3o, decis\u00f5es, autoconhecimento, autoestima e criatividade, auxiliando no desenvolvimento de habilidades socioemocionais e empreendedoras.<\/span><span data-contrast=\"auto\">\u00a0<\/span><span data-ccp-props=\"{\">\u00a0<\/span><\/p>\n<p><span data-contrast=\"auto\">Local de realiza\u00e7\u00e3o das oficinas, a\u00a0Casa Lili \u00e9 um projeto social que acolhe mulheres em situa\u00e7\u00e3o de vulnerabilidade na periferia de S\u00e3o Paulo. Por l\u00e1, mulheres com hist\u00f3rico de viol\u00eancia e imigrantes se sentem mais seguros.<\/span><span data-ccp-props=\"{\">\u00a0<\/span><\/p>\n<p><span class=\"TextRun SCXW107293401 BCX0\" lang=\"PT-PT\" xml:lang=\"PT-PT\" data-contrast=\"auto\"><span class=\"NormalTextRun SCXW107293401 BCX0\">\u00a0 \u00a0 Uma das participantes \u00e9 <\/span><span class=\"NormalTextRun SCXW107293401 BCX0\">Maria Cec\u00edlia,<\/span> <span class=\"NormalTextRun SCXW107293401 BCX0\">uma mo\u00e7a de 2<\/span><span class=\"NormalTextRun SCXW107293401 BCX0\">1<\/span><span class=\"NormalTextRun SCXW107293401 BCX0\"> anos<\/span><span class=\"NormalTextRun SCXW107293401 BCX0\"> diagnosticada com transtorno do espectro autista (TEA)<\/span><span class=\"NormalTextRun SCXW107293401 BCX0\">, moradora da periferia de S\u00e3o Paulo e filha de outra participant<\/span><span class=\"NormalTextRun SCXW107293401 BCX0\">e<\/span><span class=\"NormalTextRun SCXW107293401 BCX0\"> do projeto social<\/span><span class=\"NormalTextRun SCXW107293401 BCX0\">. Ela <\/span><span class=\"NormalTextRun SCXW107293401 BCX0\">relatou<\/span><span class=\"NormalTextRun SCXW107293401 BCX0\"> que nunca gostou de tirar fotos e tinha v\u00e1rios problemas com autoestima por ser uma pessoa com defici\u00eancia. D<\/span><span class=\"NormalTextRun SCXW107293401 BCX0\">epois de ter participado das oficinas<\/span><span class=\"NormalTextRun SCXW107293401 BCX0\"> do <\/span><span class=\"NormalTextRun SpellingErrorV2Themed SCXW107293401 BCX0\">Photo<\/span><span class=\"NormalTextRun SpellingErrorV2Themed SCXW107293401 BCX0\">Power<\/span><span class=\"NormalTextRun SCXW107293401 BCX0\">, come\u00e7<\/span><span class=\"NormalTextRun SCXW107293401 BCX0\">ou a gostar de tirar fotos e a <\/span><span class=\"NormalTextRun SCXW107293401 BCX0\">melhorar sua <\/span><span class=\"NormalTextRun SCXW107293401 BCX0\">autoestima<\/span><span class=\"NormalTextRun SCXW107293401 BCX0\">.<\/span><\/span><span class=\"EOP SCXW107293401 BCX0\" data-ccp-props=\"{\">\u00a0<\/span><\/p>\n<blockquote><p><span class=\"TextRun SCXW213065961 BCX0\" lang=\"PT-PT\" xml:lang=\"PT-PT\" data-contrast=\"none\"><span class=\"NormalTextRun SCXW213065961 BCX0\"><img decoding=\"async\" class=\" wp-image-10520 alignleft\" src=\"https:\/\/imm.ong\/wp-content\/uploads\/2023\/04\/FOTO-2.1-169x300.jpg\" alt=\"\" width=\"131\" height=\"233\" srcset=\"https:\/\/imm.ong\/wp-content\/uploads\/2023\/04\/FOTO-2.1-169x300.jpg 169w, https:\/\/imm.ong\/wp-content\/uploads\/2023\/04\/FOTO-2.1-600x1067.jpg 600w, https:\/\/imm.ong\/wp-content\/uploads\/2023\/04\/FOTO-2.1-576x1024.jpg 576w, https:\/\/imm.ong\/wp-content\/uploads\/2023\/04\/FOTO-2.1-768x1365.jpg 768w, https:\/\/imm.ong\/wp-content\/uploads\/2023\/04\/FOTO-2.1-864x1536.jpg 864w, https:\/\/imm.ong\/wp-content\/uploads\/2023\/04\/FOTO-2.1.jpg 1080w\" sizes=\"(max-width: 131px) 100vw, 131px\" \/><\/span><\/span><\/p>\n<p>&nbsp;<\/p>\n<p>\u2018<span class=\"NormalTextRun SCXW213065961 BCX0\">Eu n\u00e3o gostava muito de tirar fotos de mim nem dos outros. Eu nem me achava muito bonita. Quando apareceu a oportunidade de fazer o curso, eu comecei a gostar mais de tirar fotos e percebi que eu poderia me achar mais bonita. O projeto me ajudou a ter uma autoestima melhor e me fez perder a vergonha de tirar fotos.\u201d<\/span><span class=\"EOP SCXW213065961 BCX0\" data-ccp-props=\"{\">\u00a0<\/span><\/p><\/blockquote>\n<p>&nbsp;<\/p>\n<p><span class=\"TextRun SCXW45124982 BCX0\" lang=\"PT-PT\" xml:lang=\"PT-PT\" data-contrast=\"none\"><span class=\"NormalTextRun SCXW45124982 BCX0\">\u00a0 \u00a0 J\u00e1 no interior de S\u00e3o Paulo, em Mau\u00e1, realizamos o projeto <\/span><strong><span class=\"NormalTextRun SpellingErrorV2Themed SCXW45124982 BCX0\">Percep\u00e7\u00f5es<\/span><span class=\"NormalTextRun SCXW45124982 BCX0\"> do Olhar<\/span><\/strong><span class=\"NormalTextRun SCXW45124982 BCX0\">, leva<\/span><span class=\"NormalTextRun SCXW45124982 BCX0\">ndo, tamb\u00e9m,<\/span><span class=\"NormalTextRun SCXW45124982 BCX0\"> uma <strong>horta para <\/strong><\/span><strong><span class=\"NormalTextRun SCXW45124982 BCX0\">a Escola Olavo <\/span><span class=\"NormalTextRun SpellingErrorV2Themed SCXW45124982 BCX0\">Hansen<\/span><\/strong><span class=\"NormalTextRun SCXW45124982 BCX0\"> (mar\u00e7o de 2023)<\/span><span class=\"NormalTextRun SCXW45124982 BCX0\">. Nesse projeto, os alunos aprenderam sobre as <strong>ODS<\/strong><\/span><span class=\"NormalTextRun SCXW45124982 BCX0\"> (objetivo<\/span><span class=\"NormalTextRun SCXW45124982 BCX0\">s<\/span><span class=\"NormalTextRun SCXW45124982 BCX0\"> de desenvolvimento sustent\u00e1vel) da ONU e refletiram sobre o <strong>meio ambiente<\/strong> e v\u00e1rias formas de conserva\u00e7\u00e3o.<\/span><span class=\"NormalTextRun CommentStart SCXW45124982 BCX0\"> Por fim, plantaram v\u00e1rias hortali\u00e7as na escola<\/span><span class=\"NormalTextRun SCXW45124982 BCX0\"> para aprender a lidar com o meio ambiente, zelar pela sua preserva\u00e7\u00e3o<\/span><span class=\"NormalTextRun SCXW45124982 BCX0\"> e praticar <\/span><span class=\"NormalTextRun SCXW45124982 BCX0\">v\u00e1rios assuntos que s\u00e3o tratados em mat\u00e9rias como f\u00edsica e biologia, por exemplo.<\/span><\/span><\/p>\n<p><span data-contrast=\"none\">\u00a0 \u00a0 Muitos dos projetos possuem a formatura como momento de encerramento das atividades. Yago, um dos alunos do projeto na Olavo Hansen, fez uma fala que<\/span> <span data-contrast=\"none\">mexeu muito conosco, pois revela a <strong>import\u00e2ncia da cultura no \u00e2mbito escolar e a necessidade de apoio socioemocional aos alunos<\/strong>:<\/span><span data-ccp-props=\"{\">\u00a0<\/span><\/p>\n<blockquote><p><span data-contrast=\"none\">\u201cAgrade\u00e7o ao projeto Percep\u00e7\u00f5es do Olhar por estar aqui porque ele nos trouxe a vontade de vir \u00e0 escola. Falo isso por mim e por alguns amigos meus, que confirmaram que esse projeto deu um g\u00e1s, um &#8216;up&#8217; para a gente querer voltar a estudar. O projeto foi um \u201cabrir de portas\u201d e mostrou que muitos dos nossos sonhos podem se tornar reais.\u201d\u00a0<\/span><\/p><\/blockquote>\n<p><span data-contrast=\"none\">\u00a0 \u00a0 \u00a0 \u00a0 \u00a0 \u00a0 \u00a0 \u00a0 \u00a0 \u00a0 \u00a0 \u00a0 \u00a0 \u00a0 \u00a0 \u00a0 \u00a0 \u00a0 \u00a0 \u00a0 \u00a0 \u00a0 \u00a0 \u00a0<img decoding=\"async\" class=\"alignnone size-medium wp-image-10524\" src=\"https:\/\/imm.ong\/wp-content\/uploads\/2023\/04\/FOTO-4-300x200.jpg\" alt=\"\" width=\"300\" height=\"200\" srcset=\"https:\/\/imm.ong\/wp-content\/uploads\/2023\/04\/FOTO-4-300x200.jpg 300w, https:\/\/imm.ong\/wp-content\/uploads\/2023\/04\/FOTO-4-600x400.jpg 600w, https:\/\/imm.ong\/wp-content\/uploads\/2023\/04\/FOTO-4-1024x683.jpg 1024w, https:\/\/imm.ong\/wp-content\/uploads\/2023\/04\/FOTO-4-768x512.jpg 768w, https:\/\/imm.ong\/wp-content\/uploads\/2023\/04\/FOTO-4-1536x1024.jpg 1536w, https:\/\/imm.ong\/wp-content\/uploads\/2023\/04\/FOTO-4-2048x1365.jpg 2048w, https:\/\/imm.ong\/wp-content\/uploads\/2023\/04\/FOTO-4-900x600.jpg 900w\" sizes=\"(max-width: 300px) 100vw, 300px\" \/>\u00a0 \u00a0 <img decoding=\"async\" class=\"alignnone size-medium wp-image-10523\" src=\"https:\/\/imm.ong\/wp-content\/uploads\/2023\/04\/FOTO-3-300x200.jpg\" alt=\"\" width=\"300\" height=\"200\" srcset=\"https:\/\/imm.ong\/wp-content\/uploads\/2023\/04\/FOTO-3-300x200.jpg 300w, https:\/\/imm.ong\/wp-content\/uploads\/2023\/04\/FOTO-3-600x400.jpg 600w, https:\/\/imm.ong\/wp-content\/uploads\/2023\/04\/FOTO-3-1024x683.jpg 1024w, https:\/\/imm.ong\/wp-content\/uploads\/2023\/04\/FOTO-3-768x512.jpg 768w, https:\/\/imm.ong\/wp-content\/uploads\/2023\/04\/FOTO-3-1536x1024.jpg 1536w, https:\/\/imm.ong\/wp-content\/uploads\/2023\/04\/FOTO-3-2048x1365.jpg 2048w, https:\/\/imm.ong\/wp-content\/uploads\/2023\/04\/FOTO-3-900x600.jpg 900w\" sizes=\"(max-width: 300px) 100vw, 300px\" \/> <\/span><\/p>\n<p><span data-contrast=\"none\">\u00a0 \u00a0 Caminhando para o norte do Brasil, no Hospital de Amor de Aragua\u00edna no Tocantins, fizemos muitos crach\u00e1s humanizados, imprimimos e expomos as fotos tiradas pelos colaboradores do hospital e realizamos a oficina mensagens do cuidar, quando o paciente envia para os profissionais palavras agradecendo pelo tratamento e cuidado recebidos. Esse \u00e9 um dos objetivos do projeto <strong>Conex\u00f5es do Cuidar<\/strong>: fazer o trabalhador da sa\u00fade se sentir pertencente e visto dentro da institui\u00e7\u00e3o.<\/span><\/p>\n<blockquote><p><span data-contrast=\"none\">\u201cParticipar do projeto da ONG foi muito enriquecedor, n\u00e3o s\u00f3 pra mim, como para toda a unidade. O projeto trouxe muita autoestima, todo mundo se embelezou para participar do projeto. Agregou muito no nosso servi\u00e7o e trouxe car\u00e1ter de humaniza\u00e7\u00e3o. Tudo que traz a humaniza\u00e7\u00e3o \u00e9 bem-vindo, \u00e9 um valor que buscamos levar para os nossos pacientes. Foi uma surpresa muito positiva poder participar do projeto\u201d<\/span> <span style=\"font-size: 16px;\" data-contrast=\"none\">(Tiago, diretor t\u00e9cnico e m\u00e9dico pediatra do HA de Aragua\u00edna)<\/span><span style=\"font-size: 16px;\" data-ccp-props=\"{\">\u00a0<\/span><\/p><\/blockquote>\n<p><span data-contrast=\"none\">\u00a0 \u00a0 \u00a0 \u00a0 \u00a0 \u00a0 \u00a0 \u00a0 \u00a0 \u00a0 \u00a0 \u00a0 \u00a0 \u00a0 \u00a0 \u00a0 \u00a0 \u00a0 \u00a0 \u00a0 \u00a0 \u00a0 \u00a0 \u00a0 <img decoding=\"async\" class=\"alignnone size-medium wp-image-10525\" src=\"https:\/\/imm.ong\/wp-content\/uploads\/2023\/04\/FOTO-5-300x200.jpg\" alt=\"\" width=\"300\" height=\"200\" srcset=\"https:\/\/imm.ong\/wp-content\/uploads\/2023\/04\/FOTO-5-300x200.jpg 300w, https:\/\/imm.ong\/wp-content\/uploads\/2023\/04\/FOTO-5-600x400.jpg 600w, https:\/\/imm.ong\/wp-content\/uploads\/2023\/04\/FOTO-5-1024x683.jpg 1024w, https:\/\/imm.ong\/wp-content\/uploads\/2023\/04\/FOTO-5-768x512.jpg 768w, https:\/\/imm.ong\/wp-content\/uploads\/2023\/04\/FOTO-5-1536x1024.jpg 1536w, https:\/\/imm.ong\/wp-content\/uploads\/2023\/04\/FOTO-5-2048x1365.jpg 2048w, https:\/\/imm.ong\/wp-content\/uploads\/2023\/04\/FOTO-5-900x600.jpg 900w\" sizes=\"(max-width: 300px) 100vw, 300px\" \/>\u00a0 \u00a0 <img decoding=\"async\" class=\"alignnone size-medium wp-image-10526\" src=\"https:\/\/imm.ong\/wp-content\/uploads\/2023\/04\/FOTO-6-300x200.jpg\" alt=\"\" width=\"300\" height=\"200\" srcset=\"https:\/\/imm.ong\/wp-content\/uploads\/2023\/04\/FOTO-6-300x200.jpg 300w, https:\/\/imm.ong\/wp-content\/uploads\/2023\/04\/FOTO-6-600x400.jpg 600w, https:\/\/imm.ong\/wp-content\/uploads\/2023\/04\/FOTO-6-1024x683.jpg 1024w, https:\/\/imm.ong\/wp-content\/uploads\/2023\/04\/FOTO-6-768x512.jpg 768w, https:\/\/imm.ong\/wp-content\/uploads\/2023\/04\/FOTO-6-1536x1024.jpg 1536w, https:\/\/imm.ong\/wp-content\/uploads\/2023\/04\/FOTO-6-2048x1365.jpg 2048w, https:\/\/imm.ong\/wp-content\/uploads\/2023\/04\/FOTO-6-900x600.jpg 900w\" sizes=\"(max-width: 300px) 100vw, 300px\" \/><\/span><\/p>\n<p><span data-contrast=\"none\">\u00a0 \u00a0 Al\u00e9m disso, o nosso caminh\u00e3o continuou rodando por a\u00ed e levou o<strong> Photo Truck<\/strong>, dessa vez, para Porto Ferreira, cidade no interior de S\u00e3o Paulo. O projeto foi realizado na EMEF Professor Agostinho Garcia, escola p\u00fablica municipal. Por l\u00e1, mostramos aos alunos como funciona uma c\u00e2mera fotogr\u00e1fica por dentro, demos dicas de como tirar melhores fotos e ensinamos sobre os <strong>ODS<\/strong> (objetivos de desenvolvimento sustent\u00e1vel) da ONU, para que eles entendam a <strong>import\u00e2ncia de uma sociedade mais igualit\u00e1ria, justa e com o meio ambiente preservado<\/strong>. <\/span><span data-ccp-props=\"{\">\u00a0<\/span><\/p>\n<blockquote><p><span data-contrast=\"none\"><img decoding=\"async\" class=\"size-medium wp-image-10521 alignleft\" src=\"https:\/\/imm.ong\/wp-content\/uploads\/2023\/04\/FOTO-8-300x200.jpg\" alt=\"\" width=\"300\" height=\"200\" srcset=\"https:\/\/imm.ong\/wp-content\/uploads\/2023\/04\/FOTO-8-300x200.jpg 300w, https:\/\/imm.ong\/wp-content\/uploads\/2023\/04\/FOTO-8-600x400.jpg 600w, https:\/\/imm.ong\/wp-content\/uploads\/2023\/04\/FOTO-8-1024x683.jpg 1024w, https:\/\/imm.ong\/wp-content\/uploads\/2023\/04\/FOTO-8-768x512.jpg 768w, https:\/\/imm.ong\/wp-content\/uploads\/2023\/04\/FOTO-8-1536x1024.jpg 1536w, https:\/\/imm.ong\/wp-content\/uploads\/2023\/04\/FOTO-8-2048x1365.jpg 2048w, https:\/\/imm.ong\/wp-content\/uploads\/2023\/04\/FOTO-8-900x600.jpg 900w\" sizes=\"(max-width: 300px) 100vw, 300px\" \/><\/span><\/p>\n<p><span data-contrast=\"none\">\u201cN\u00f3s fizemos quest\u00e3o de aceitar o projeto porque estamos numa escola de periferia, h\u00e1 4km do centro da cidade, ent\u00e3o os alunos n\u00e3o costumam acessar programas culturais nem ter momentos de lazer em circos e teatros, por exemplo. A oficina foi muito rica e trouxe para eles a oportunidade de ter acesso \u00e0 cultura.\u201d<\/span> <span style=\"font-size: 16px;\" data-contrast=\"none\">(Juliana, diretora da EMEF)<\/span><span style=\"font-size: 16px;\" data-ccp-props=\"{\">\u00a0<\/span><\/p><\/blockquote>\n<p><span data-contrast=\"none\">\u00a0 \u00a0 O relato da diretora Juliana, exprime tudo aquilo que a <strong>IMM busca fazer: promover\u00a0o acesso \u00e0 cultura, conhecimento, humaniza\u00e7\u00e3o e empatia para todos<\/strong>. \u00c9 para transformar olhares e realidades que n\u00f3s continuamos trabalhando. <\/span><span data-ccp-props=\"{\">\u00a0<\/span><\/p>\n<p>&nbsp;<\/p>\n","protected":false},"excerpt":{"rendered":"<p>\u00a0S\u00f3 no primeiro trimestre do ano, a ImageMagica j\u00e1 realizou mais de 12 projetos.\u00a0 \u00a0\u00a0 \u00a0 \u00a0 O ano come\u00e7ou agitado na IMM. S\u00f3 nesse trimestre, realizamos mais de 12&#8230;<\/p>\n","protected":false},"author":14,"featured_media":10541,"comment_status":"open","ping_status":"closed","sticky":false,"template":"","format":"standard","meta":{"content-type":"","footnotes":""},"categories":[1337],"tags":[1951,1941,1937,1950,1940,1944,1097,1939,1923,1953,1947,1945,1948,1938,1942,1943,1946,1936,1954,1926,1935,1921,1949,1952],"yst_prominent_words":[205,608,587,164,48],"class_list":{"0":"post-10518","1":"post","2":"type-post","3":"status-publish","4":"format-standard","5":"has-post-thumbnail","7":"category-projetos-imm","8":"tag-agenda-2030","9":"tag-coletividade","10":"tag-cultura","11":"tag-desenvolvimento-sustentavel","12":"tag-empoderamento","13":"tag-fomento-a-cultura","14":"tag-fotografia","15":"tag-horta","16":"tag-imm","17":"tag-impacto-social","18":"tag-lei-de-incentivo-a-cultura","19":"tag-lei-rouanet","20":"tag-ods","21":"tag-oficina-cultural","22":"tag-oficinas-em-escolas","23":"tag-oficinas-em-hospitais","24":"tag-proac-icms","25":"tag-projeto-cultural","26":"tag-projeto-social","27":"tag-projeto","28":"tag-projetos-culturais","29":"tag-relatorio-de-atividades","30":"tag-sustentabilidade","31":"tag-vulnerabilidade-social"},"yoast_head":"<!-- This site is optimized with the Yoast SEO Premium plugin v14.3 - https:\/\/yoast.com\/wordpress\/plugins\/seo\/ -->\n<title>IMM come\u00e7ou 2023 a todo vapor!<\/title>\n<meta name=\"robots\" content=\"index, follow\" \/>\n<meta name=\"googlebot\" content=\"index, follow, max-snippet:-1, max-image-preview:large, max-video-preview:-1\" \/>\n<meta name=\"bingbot\" content=\"index, follow, max-snippet:-1, max-image-preview:large, max-video-preview:-1\" \/>\n<link rel=\"canonical\" href=\"https:\/\/imm.ong\/projetos-imm\/imm-comecou-2023-a-todo-vapor\/\" \/>\n<meta property=\"og:locale\" content=\"en_US\" \/>\n<meta property=\"og:type\" content=\"article\" \/>\n<meta property=\"og:title\" content=\"IMM come\u00e7ou 2023 a todo vapor!\" \/>\n<meta property=\"og:description\" content=\"\u00a0S\u00f3 no primeiro trimestre do ano, a ImageMagica j\u00e1 realizou mais de 12 projetos.\u00a0 \u00a0\u00a0 \u00a0 \u00a0 O ano come\u00e7ou agitado na IMM. S\u00f3 nesse trimestre, realizamos mais de 12...\" \/>\n<meta property=\"og:url\" content=\"https:\/\/imm.ong\/projetos-imm\/imm-comecou-2023-a-todo-vapor\/\" \/>\n<meta property=\"og:site_name\" content=\"IMM.ong\" \/>\n<meta property=\"article:publisher\" content=\"https:\/\/www.facebook.com\/imagemagica\/\" \/>\n<meta property=\"article:published_time\" content=\"2023-04-17T17:26:40+00:00\" \/>\n<meta property=\"article:modified_time\" content=\"2023-04-17T17:27:05+00:00\" \/>\n<meta property=\"og:image\" content=\"https:\/\/imm.ong\/wp-content\/uploads\/2023\/04\/pt_emefdocaicprofessorjoaoteixeira_portoferreira-65-1-scaled.jpg\" \/>\n\t<meta property=\"og:image:width\" content=\"2560\" \/>\n\t<meta property=\"og:image:height\" content=\"1707\" \/>\n<meta name=\"twitter:card\" content=\"summary_large_image\" \/>\n<script type=\"application\/ld+json\" class=\"yoast-schema-graph\">{\"@context\":\"https:\/\/schema.org\",\"@graph\":[{\"@type\":\"Organization\",\"@id\":\"https:\/\/imm.ong\/en\/#organization\",\"name\":\"IMM.ong\",\"url\":\"https:\/\/imm.ong\/en\/\",\"sameAs\":[\"https:\/\/www.facebook.com\/imagemagica\/\",\"https:\/\/www.instagram.com\/imagemagica\/\",\"https:\/\/www.linkedin.com\/company\/imm-ong\/\",\"https:\/\/www.youtube.com\/imagemagica\"],\"logo\":{\"@type\":\"ImageObject\",\"@id\":\"https:\/\/imm.ong\/en\/#logo\",\"inLanguage\":\"en-US\",\"url\":\"https:\/\/imm.ong\/wp-content\/uploads\/2020\/04\/logo-imm-dark-small.png\",\"width\":51,\"height\":40,\"caption\":\"IMM.ong\"},\"image\":{\"@id\":\"https:\/\/imm.ong\/en\/#logo\"}},{\"@type\":\"WebSite\",\"@id\":\"https:\/\/imm.ong\/en\/#website\",\"url\":\"https:\/\/imm.ong\/en\/\",\"name\":\"IMM.ong\",\"description\":\"Tudo come\\u00e7a pelo olhar\",\"publisher\":{\"@id\":\"https:\/\/imm.ong\/en\/#organization\"},\"potentialAction\":[{\"@type\":\"SearchAction\",\"target\":\"https:\/\/imm.ong\/en\/?s={search_term_string}\",\"query-input\":\"required name=search_term_string\"}],\"inLanguage\":\"en-US\"},{\"@type\":\"ImageObject\",\"@id\":\"https:\/\/imm.ong\/projetos-imm\/imm-comecou-2023-a-todo-vapor\/#primaryimage\",\"inLanguage\":\"en-US\",\"url\":\"https:\/\/imm.ong\/wp-content\/uploads\/2023\/04\/pt_emefdocaicprofessorjoaoteixeira_portoferreira-65-1-scaled.jpg\",\"width\":2560,\"height\":1707},{\"@type\":\"WebPage\",\"@id\":\"https:\/\/imm.ong\/projetos-imm\/imm-comecou-2023-a-todo-vapor\/#webpage\",\"url\":\"https:\/\/imm.ong\/projetos-imm\/imm-comecou-2023-a-todo-vapor\/\",\"name\":\"[:pt]IMM come\\u00e7ou 2023 a todo vapor![:] - IMM.ong\",\"isPartOf\":{\"@id\":\"https:\/\/imm.ong\/en\/#website\"},\"primaryImageOfPage\":{\"@id\":\"https:\/\/imm.ong\/projetos-imm\/imm-comecou-2023-a-todo-vapor\/#primaryimage\"},\"datePublished\":\"2023-04-17T17:26:40+00:00\",\"dateModified\":\"2023-04-17T17:27:05+00:00\",\"inLanguage\":\"en-US\",\"potentialAction\":[{\"@type\":\"ReadAction\",\"target\":[\"https:\/\/imm.ong\/projetos-imm\/imm-comecou-2023-a-todo-vapor\/\"]}]},{\"@type\":\"Article\",\"@id\":\"https:\/\/imm.ong\/projetos-imm\/imm-comecou-2023-a-todo-vapor\/#article\",\"isPartOf\":{\"@id\":\"https:\/\/imm.ong\/projetos-imm\/imm-comecou-2023-a-todo-vapor\/#webpage\"},\"author\":{\"@id\":\"https:\/\/imm.ong\/en\/#\/schema\/person\/653880d2d4c6d9e01233e5a36d0c0e31\"},\"headline\":\"IMM come\\u00e7ou 2023 a todo vapor!\",\"datePublished\":\"2023-04-17T17:26:40+00:00\",\"dateModified\":\"2023-04-17T17:27:05+00:00\",\"commentCount\":0,\"mainEntityOfPage\":{\"@id\":\"https:\/\/imm.ong\/projetos-imm\/imm-comecou-2023-a-todo-vapor\/#webpage\"},\"publisher\":{\"@id\":\"https:\/\/imm.ong\/en\/#organization\"},\"image\":{\"@id\":\"https:\/\/imm.ong\/projetos-imm\/imm-comecou-2023-a-todo-vapor\/#primaryimage\"},\"keywords\":\"agenda 2030,coletividade,cultura,desenvolvimento sustent\\u00e1vel,empoderamento,fomento \\u00e0 cultura,Fotografia,horta,IMM,impacto social,lei de incentivo \\u00e0 cultura,lei rouanet,ods,oficina cultural,oficinas em escolas,oficinas em hospitais,proac icms,projeto cultural,projeto social,projeto,projetos culturais,Relat\\u00f3rio de atividades,sustentabilidade,vulnerabilidade social\",\"articleSection\":\"Projetos IMM\",\"inLanguage\":\"en-US\",\"potentialAction\":[{\"@type\":\"CommentAction\",\"name\":\"Comment\",\"target\":[\"https:\/\/imm.ong\/projetos-imm\/imm-comecou-2023-a-todo-vapor\/#respond\"]}]},{\"@type\":[\"Person\"],\"@id\":\"https:\/\/imm.ong\/en\/#\/schema\/person\/653880d2d4c6d9e01233e5a36d0c0e31\",\"name\":\"Larissa Moreira\",\"image\":{\"@type\":\"ImageObject\",\"@id\":\"https:\/\/imm.ong\/en\/#personlogo\",\"inLanguage\":\"en-US\",\"url\":\"https:\/\/secure.gravatar.com\/avatar\/71b403eedcf133d2ad890d775e993454f7ab0a6f707dbe18c171f3938b0b1c53?s=96&d=mm&r=g\",\"caption\":\"Larissa Moreira\"}}]}<\/script>\n<!-- \/ Yoast SEO Premium plugin. -->","_links":{"self":[{"href":"https:\/\/imm.ong\/en\/wp-json\/wp\/v2\/posts\/10518","targetHints":{"allow":["GET"]}}],"collection":[{"href":"https:\/\/imm.ong\/en\/wp-json\/wp\/v2\/posts"}],"about":[{"href":"https:\/\/imm.ong\/en\/wp-json\/wp\/v2\/types\/post"}],"author":[{"embeddable":true,"href":"https:\/\/imm.ong\/en\/wp-json\/wp\/v2\/users\/14"}],"replies":[{"embeddable":true,"href":"https:\/\/imm.ong\/en\/wp-json\/wp\/v2\/comments?post=10518"}],"version-history":[{"count":11,"href":"https:\/\/imm.ong\/en\/wp-json\/wp\/v2\/posts\/10518\/revisions"}],"predecessor-version":[{"id":10542,"href":"https:\/\/imm.ong\/en\/wp-json\/wp\/v2\/posts\/10518\/revisions\/10542"}],"wp:featuredmedia":[{"embeddable":true,"href":"https:\/\/imm.ong\/en\/wp-json\/wp\/v2\/media\/10541"}],"wp:attachment":[{"href":"https:\/\/imm.ong\/en\/wp-json\/wp\/v2\/media?parent=10518"}],"wp:term":[{"taxonomy":"category","embeddable":true,"href":"https:\/\/imm.ong\/en\/wp-json\/wp\/v2\/categories?post=10518"},{"taxonomy":"post_tag","embeddable":true,"href":"https:\/\/imm.ong\/en\/wp-json\/wp\/v2\/tags?post=10518"},{"taxonomy":"yst_prominent_words","embeddable":true,"href":"https:\/\/imm.ong\/en\/wp-json\/wp\/v2\/yst_prominent_words?post=10518"}],"curies":[{"name":"wp","href":"https:\/\/api.w.org\/{rel}","templated":true}]}}