{"id":10682,"date":"2023-09-14T19:33:15","date_gmt":"2023-09-14T19:33:15","guid":{"rendered":"https:\/\/imm.ong\/?p=10682"},"modified":"2024-03-26T14:17:19","modified_gmt":"2024-03-26T14:17:19","slug":"projeto-tomou-conta-do-rio-arapiuns","status":"publish","type":"post","link":"https:\/\/imm.ong\/en\/institucional\/projeto-tomou-conta-do-rio-arapiuns\/","title":{"rendered":"Projeto Olhares da Amaz\u00f4nia tomou conta do Rio Arapiuns (PA); saiba mais como foi!"},"content":{"rendered":"[vc_row type=&#8221;in_container&#8221; full_screen_row_position=&#8221;middle&#8221; column_margin=&#8221;default&#8221; column_direction=&#8221;default&#8221; column_direction_tablet=&#8221;default&#8221; column_direction_phone=&#8221;default&#8221; scene_position=&#8221;center&#8221; text_color=&#8221;dark&#8221; text_align=&#8221;left&#8221; row_border_radius=&#8221;none&#8221; row_border_radius_applies=&#8221;bg&#8221; overlay_strength=&#8221;0.3&#8243; gradient_direction=&#8221;left_to_right&#8221; shape_divider_position=&#8221;bottom&#8221; bg_image_animation=&#8221;none&#8221;][vc_column column_padding=&#8221;no-extra-padding&#8221; column_padding_tablet=&#8221;inherit&#8221; column_padding_phone=&#8221;inherit&#8221; column_padding_position=&#8221;all&#8221; column_element_spacing=&#8221;default&#8221; background_color_opacity=&#8221;1&#8243; background_hover_color_opacity=&#8221;1&#8243; column_shadow=&#8221;none&#8221; column_border_radius=&#8221;none&#8221; column_link_target=&#8221;_self&#8221; gradient_direction=&#8221;left_to_right&#8221; overlay_strength=&#8221;0.3&#8243; width=&#8221;1\/1&#8243; tablet_width_inherit=&#8221;default&#8221; tablet_text_alignment=&#8221;default&#8221; phone_text_alignment=&#8221;default&#8221; bg_image_animation=&#8221;none&#8221; border_type=&#8221;simple&#8221; column_border_width=&#8221;none&#8221; column_border_style=&#8221;solid&#8221;][vc_column_text]\n<h3>Fortalecimento de autoestima e resgate cultural \u00e9 um dos pilares da a\u00e7\u00e3o!<\/h3>\n<p><img decoding=\"async\" class=\"wp-image-10683 alignright\" src=\"https:\/\/imm.ong\/wp-content\/uploads\/2023\/09\/DJI_0917-1024x575.jpg\" alt=\"\" width=\"500\" height=\"281\" srcset=\"https:\/\/imm.ong\/wp-content\/uploads\/2023\/09\/DJI_0917-1024x575.jpg 1024w, https:\/\/imm.ong\/wp-content\/uploads\/2023\/09\/DJI_0917-600x337.jpg 600w, https:\/\/imm.ong\/wp-content\/uploads\/2023\/09\/DJI_0917-300x169.jpg 300w, https:\/\/imm.ong\/wp-content\/uploads\/2023\/09\/DJI_0917-768x431.jpg 768w, https:\/\/imm.ong\/wp-content\/uploads\/2023\/09\/DJI_0917-1536x863.jpg 1536w, https:\/\/imm.ong\/wp-content\/uploads\/2023\/09\/DJI_0917-2048x1150.jpg 2048w\" sizes=\"(max-width: 500px) 100vw, 500px\" \/><\/p>\n<p>Entre os dias 25 de julho e 04 de agosto de 2023, a ImageMagica emergiu no norte brasileiro com o Olhares da Amaz\u00f4nia. A iniciativa, que contou com apoio da Bayer e parceria com a Camino, tem como objetivo fortalecer a autoestima, resgatar a cultura ind\u00edgena e ribeirinha e, a partir da fotografia, propagar o olhar de quem vive na regi\u00e3o.<\/p>\n<p>Foram dias intensos de atividades que perpassaram por quatro comunidades que residem no Rio Arapiuns: S\u00e3o Cutil\u00e9, S\u00e3o Pedro, Curi e Igap\u00f3 A\u00e7u. Contudo, tamb\u00e9m convidamos outras aldeias que participassem das a\u00e7\u00f5es, totalizando treze comunidades, mais de 200 pessoas atendidas nas oficinas e mais de 490 impactadas.<\/p>\n<p>&nbsp;<\/p>\n<p><b><span data-contrast=\"auto\">Atividades<\/span><\/b><span data-ccp-props=\"{\">\u00a0<\/span><\/p>\n<p><span data-contrast=\"auto\">Dentre as a\u00e7\u00f5es, tivemos: sa\u00eddas fotogr\u00e1ficas, jogos e conta\u00e7\u00e3o de hist\u00f3rias. Tudo come\u00e7a com uma reflex\u00e3o e apresenta\u00e7\u00e3o, um momento para falar de si e de sua cultura, usando imagens para fortalecer esse momento intimista de conversa. Logo ap\u00f3s essa troca, os participantes produzem fotos e legendas sobre seus valores e tradi\u00e7\u00f5es. Todas essas imagens viraram uma linda exposi\u00e7\u00e3o na comunidade\/aldeia contemplada!<\/span><span data-ccp-props=\"{\">\u00a0<\/span><\/p>\n\r\n\t\t<style type='text\/css'>\r\n\t\t\t#gallery-1 {\r\n\t\t\t\tmargin: auto;\r\n\t\t\t}\r\n\t\t\t#gallery-1 .gallery-item {\r\n\t\t\t\tfloat: left;\r\n\t\t\t\tmargin-top: 10px;\r\n\t\t\t\ttext-align: center;\r\n\t\t\t\twidth: 50%;\r\n\t\t\t}\r\n\t\t\t#gallery-1 img {\r\n\t\t\t\tborder: 2px solid #cfcfcf;\r\n\t\t\t}\r\n\t\t\t#gallery-1 .gallery-caption {\r\n\t\t\t\tmargin-left: 0;\r\n\t\t\t}\r\n\t\t\t\/* see gallery_shortcode() in wp-includes\/media.php *\/\r\n\t\t<\/style>\n\t\t<div id='gallery-1' class='gallery galleryid-10682 gallery-columns-2 gallery-size-large'><dl class='gallery-item'>\r\n\t\t\t<dt class='gallery-icon landscape'>\r\n\t\t\t\t<a href='https:\/\/imm.ong\/en\/institucional\/projeto-tomou-conta-do-rio-arapiuns\/attachment\/img_5250\/'><img decoding=\"async\" width=\"1024\" height=\"683\" src=\"https:\/\/imm.ong\/wp-content\/uploads\/2023\/09\/IMG_5250-1024x683.jpg\" class=\"attachment-large size-large\" alt=\"\" srcset=\"https:\/\/imm.ong\/wp-content\/uploads\/2023\/09\/IMG_5250-1024x683.jpg 1024w, https:\/\/imm.ong\/wp-content\/uploads\/2023\/09\/IMG_5250-600x400.jpg 600w, https:\/\/imm.ong\/wp-content\/uploads\/2023\/09\/IMG_5250-300x200.jpg 300w, https:\/\/imm.ong\/wp-content\/uploads\/2023\/09\/IMG_5250-768x512.jpg 768w, https:\/\/imm.ong\/wp-content\/uploads\/2023\/09\/IMG_5250-1536x1024.jpg 1536w, https:\/\/imm.ong\/wp-content\/uploads\/2023\/09\/IMG_5250-2048x1366.jpg 2048w, https:\/\/imm.ong\/wp-content\/uploads\/2023\/09\/IMG_5250-900x600.jpg 900w\" sizes=\"(max-width: 1024px) 100vw, 1024px\" \/><\/a>\r\n\t\t\t<\/dt><\/dl><dl class='gallery-item'>\r\n\t\t\t<dt class='gallery-icon landscape'>\r\n\t\t\t\t<a href='https:\/\/imm.ong\/en\/institucional\/projeto-tomou-conta-do-rio-arapiuns\/attachment\/img_3880\/'><img decoding=\"async\" width=\"1024\" height=\"683\" src=\"https:\/\/imm.ong\/wp-content\/uploads\/2023\/09\/IMG_3880-1024x683.jpg\" class=\"attachment-large size-large\" alt=\"\" srcset=\"https:\/\/imm.ong\/wp-content\/uploads\/2023\/09\/IMG_3880-1024x683.jpg 1024w, https:\/\/imm.ong\/wp-content\/uploads\/2023\/09\/IMG_3880-600x400.jpg 600w, https:\/\/imm.ong\/wp-content\/uploads\/2023\/09\/IMG_3880-300x200.jpg 300w, https:\/\/imm.ong\/wp-content\/uploads\/2023\/09\/IMG_3880-768x512.jpg 768w, https:\/\/imm.ong\/wp-content\/uploads\/2023\/09\/IMG_3880-1536x1024.jpg 1536w, https:\/\/imm.ong\/wp-content\/uploads\/2023\/09\/IMG_3880-2048x1366.jpg 2048w, https:\/\/imm.ong\/wp-content\/uploads\/2023\/09\/IMG_3880-900x600.jpg 900w\" sizes=\"(max-width: 1024px) 100vw, 1024px\" \/><\/a>\r\n\t\t\t<\/dt><\/dl><br style=\"clear: both\" \/><\/div>\n\n<p>&nbsp;<\/p>\n<p><span class=\"TextRun SCXW151877366 BCX0\" lang=\"PT-BR\" xml:lang=\"PT-BR\" data-contrast=\"auto\"><span class=\"NormalTextRun SCXW151877366 BCX0\">J\u00e1 o momento de conta\u00e7\u00e3o de hist\u00f3rias \u00e9 direcionado para as crian\u00e7as. <\/span><span class=\"NormalTextRun SCXW151877366 BCX0\">Os <\/span><span class=\"NormalTextRun SCXW151877366 BCX0\">arte-<\/span><span class=\"NormalTextRun SCXW151877366 BCX0\">educadores conta<\/span><span class=\"NormalTextRun SCXW151877366 BCX0\">ram<\/span><span class=\"NormalTextRun SCXW151877366 BCX0\">, em coletivo, hist\u00f3rias que <\/span><span class=\"NormalTextRun SCXW151877366 BCX0\">gerariam <\/span><span class=\"NormalTextRun SCXW151877366 BCX0\">identifica\u00e7\u00e3o,<\/span><span class=\"NormalTextRun SCXW151877366 BCX0\"> e<\/span><span class=\"NormalTextRun SCXW151877366 BCX0\"> usa<\/span><span class=\"NormalTextRun SCXW151877366 BCX0\">ram<\/span><span class=\"NormalTextRun SCXW151877366 BCX0\"> imagens para ilustrar o enredo criado a cada comunidade\/aldeia. Em seguida, <\/span><span class=\"NormalTextRun SCXW151877366 BCX0\">os pequenos<\/span><span class=\"NormalTextRun SCXW151877366 BCX0\"> inici<\/span><span class=\"NormalTextRun SCXW151877366 BCX0\">aram<\/span><span class=\"NormalTextRun SCXW151877366 BCX0\"> a cria\u00e7\u00e3o de sua<\/span><span class=\"NormalTextRun SCXW151877366 BCX0\">s<\/span><span class=\"NormalTextRun SCXW151877366 BCX0\"> pr\u00f3pria<\/span><span class=\"NormalTextRun SCXW151877366 BCX0\">s<\/span><span class=\"NormalTextRun SCXW151877366 BCX0\"> hist\u00f3ria<\/span><span class=\"NormalTextRun SCXW151877366 BCX0\">s<\/span><span class=\"NormalTextRun SCXW151877366 BCX0\">, com desenhos, palavras<\/span><span class=\"NormalTextRun SCXW151877366 BCX0\"> e textos. Ao <\/span><span class=\"NormalTextRun SCXW151877366 BCX0\">final das cria\u00e7\u00f5es<\/span><span class=\"NormalTextRun SCXW151877366 BCX0\">, foram <\/span><span class=\"NormalTextRun SCXW151877366 BCX0\">convidados a compartilhar com todos, e o resultado <\/span><span class=\"NormalTextRun SCXW151877366 BCX0\">se tornou <\/span><span class=\"NormalTextRun SCXW151877366 BCX0\">um <\/span><span class=\"NormalTextRun SCXW151877366 BCX0\">incr\u00edvel <\/span><span class=\"NormalTextRun SCXW151877366 BCX0\">varal de hist\u00f3rias. Essa oficina atraiu at\u00e9 os adultos, que guardam<\/span> <span class=\"NormalTextRun SCXW151877366 BCX0\">em si um pedacinho de quando foram crian\u00e7as tamb\u00e9m.<\/span><\/span><span class=\"EOP SCXW151877366 BCX0\" data-ccp-props=\"{\">\u00a0<\/span><\/p>\n<p>&nbsp;<\/p>\n\r\n\t\t<style type='text\/css'>\r\n\t\t\t#gallery-2 {\r\n\t\t\t\tmargin: auto;\r\n\t\t\t}\r\n\t\t\t#gallery-2 .gallery-item {\r\n\t\t\t\tfloat: left;\r\n\t\t\t\tmargin-top: 10px;\r\n\t\t\t\ttext-align: center;\r\n\t\t\t\twidth: 33%;\r\n\t\t\t}\r\n\t\t\t#gallery-2 img {\r\n\t\t\t\tborder: 2px solid #cfcfcf;\r\n\t\t\t}\r\n\t\t\t#gallery-2 .gallery-caption {\r\n\t\t\t\tmargin-left: 0;\r\n\t\t\t}\r\n\t\t\t\/* see gallery_shortcode() in wp-includes\/media.php *\/\r\n\t\t<\/style>\n\t\t<div id='gallery-2' class='gallery galleryid-10682 gallery-columns-3 gallery-size-large'><dl class='gallery-item'>\r\n\t\t\t<dt class='gallery-icon landscape'>\r\n\t\t\t\t<a href='https:\/\/imm.ong\/en\/institucional\/projeto-tomou-conta-do-rio-arapiuns\/attachment\/img_3754-1\/'><img decoding=\"async\" width=\"1024\" height=\"683\" src=\"https:\/\/imm.ong\/wp-content\/uploads\/2023\/09\/IMG_3754-1-1024x683.jpg\" class=\"attachment-large size-large\" alt=\"\" srcset=\"https:\/\/imm.ong\/wp-content\/uploads\/2023\/09\/IMG_3754-1-1024x683.jpg 1024w, https:\/\/imm.ong\/wp-content\/uploads\/2023\/09\/IMG_3754-1-600x400.jpg 600w, https:\/\/imm.ong\/wp-content\/uploads\/2023\/09\/IMG_3754-1-300x200.jpg 300w, https:\/\/imm.ong\/wp-content\/uploads\/2023\/09\/IMG_3754-1-768x512.jpg 768w, https:\/\/imm.ong\/wp-content\/uploads\/2023\/09\/IMG_3754-1-1536x1024.jpg 1536w, https:\/\/imm.ong\/wp-content\/uploads\/2023\/09\/IMG_3754-1-2048x1366.jpg 2048w, https:\/\/imm.ong\/wp-content\/uploads\/2023\/09\/IMG_3754-1-900x600.jpg 900w\" sizes=\"(max-width: 1024px) 100vw, 1024px\" \/><\/a>\r\n\t\t\t<\/dt><\/dl><dl class='gallery-item'>\r\n\t\t\t<dt class='gallery-icon landscape'>\r\n\t\t\t\t<a href='https:\/\/imm.ong\/en\/institucional\/projeto-tomou-conta-do-rio-arapiuns\/attachment\/img_9232-1\/'><img decoding=\"async\" width=\"1024\" height=\"768\" src=\"https:\/\/imm.ong\/wp-content\/uploads\/2023\/09\/IMG_9232-1-1024x768.jpg\" class=\"attachment-large size-large\" alt=\"\" srcset=\"https:\/\/imm.ong\/wp-content\/uploads\/2023\/09\/IMG_9232-1-1024x768.jpg 1024w, https:\/\/imm.ong\/wp-content\/uploads\/2023\/09\/IMG_9232-1-600x450.jpg 600w, https:\/\/imm.ong\/wp-content\/uploads\/2023\/09\/IMG_9232-1-300x225.jpg 300w, https:\/\/imm.ong\/wp-content\/uploads\/2023\/09\/IMG_9232-1-768x576.jpg 768w, https:\/\/imm.ong\/wp-content\/uploads\/2023\/09\/IMG_9232-1-1536x1152.jpg 1536w, https:\/\/imm.ong\/wp-content\/uploads\/2023\/09\/IMG_9232-1-2048x1536.jpg 2048w\" sizes=\"(max-width: 1024px) 100vw, 1024px\" \/><\/a>\r\n\t\t\t<\/dt><\/dl><dl class='gallery-item'>\r\n\t\t\t<dt class='gallery-icon landscape'>\r\n\t\t\t\t<a href='https:\/\/imm.ong\/en\/institucional\/projeto-tomou-conta-do-rio-arapiuns\/attachment\/img_9017\/'><img decoding=\"async\" width=\"1024\" height=\"768\" src=\"https:\/\/imm.ong\/wp-content\/uploads\/2023\/09\/IMG_9017-1024x768.jpg\" class=\"attachment-large size-large\" alt=\"\" srcset=\"https:\/\/imm.ong\/wp-content\/uploads\/2023\/09\/IMG_9017-1024x768.jpg 1024w, https:\/\/imm.ong\/wp-content\/uploads\/2023\/09\/IMG_9017-600x450.jpg 600w, https:\/\/imm.ong\/wp-content\/uploads\/2023\/09\/IMG_9017-300x225.jpg 300w, https:\/\/imm.ong\/wp-content\/uploads\/2023\/09\/IMG_9017-768x576.jpg 768w, https:\/\/imm.ong\/wp-content\/uploads\/2023\/09\/IMG_9017-1536x1152.jpg 1536w, https:\/\/imm.ong\/wp-content\/uploads\/2023\/09\/IMG_9017-2048x1536.jpg 2048w\" sizes=\"(max-width: 1024px) 100vw, 1024px\" \/><\/a>\r\n\t\t\t<\/dt><\/dl><br style=\"clear: both\" \/><\/div>\n\n<p>&nbsp;<\/p>\n<p><b><span data-contrast=\"auto\">Aprendizados e hist\u00f3rias de inspira\u00e7\u00e3o<\/span><\/b><span data-ccp-props=\"{\">\u00a0<\/span><\/p>\n<p><span data-contrast=\"auto\">H\u00e1 tantos costumes e tipos de express\u00e3o art\u00edstica no Brasil que \u00e9 dif\u00edcil estar a par de todos, a n\u00e3o ser que voc\u00ea saia da sua regi\u00e3o e sempre visite lugares diferentes. Para os arte-educadores que sa\u00edram do Sudeste para ficar alguns dias no Par\u00e1, foi um grande aprendizado e momento de imers\u00e3o. Por\u00e9m, os arte-educadores que vivem ali no Rio Arapiuns tamb\u00e9m tiverem ensinamentos e momentos transformadores com o projeto.<\/span><span data-ccp-props=\"{\">\u00a0<\/span><\/p>\n<p><span data-contrast=\"auto\">Beatriz Cardoso, educadora local, relatou: \u201c[Meu trabalho] fez com que muitas pessoas se identifiquem ainda mais com o tema que levamos nas oficinas, e fez com que cada participante se sentisse seguro com educadores da pr\u00f3pria regi\u00e3o falando como n\u00f3s vivemos no Arapiuns e como \u00e9 a cultura que nos rodeia, por meio disso, n\u00f3s conseguimos mostrar a cultura que tem em cada comunidade e aldeia. Ser educadora me fez olhar para mim mesma e pra a regi\u00e3o e ver as belezas que tem em cada lugar que vivemos. O projeto Olhares da Amaz\u00f4nia me fez ver que a cultura de um lugar nunca deve ser esquecida\u201d.<\/span><span data-ccp-props=\"{\">\u00a0<\/span><\/p>\n<p><span data-contrast=\"auto\">Tamb\u00e9m tivemos a hist\u00f3ria da Zenaide, uma senhora que saiu de sua col\u00f4nia (uma parte mais interna da floresta) a p\u00e9, com um caderninho e uma sacola nas costas, para nos visitar e acompanhar o projeto na comunidade Cutil\u00e9. Ela foi excelente durante as oficinas, participou e engajou conosco e com as atividades! Ela trabalhou muitos anos na \u00e1rea da educa\u00e7\u00e3o, e, durante sua participa\u00e7\u00e3o no projeto, nos cativou com a sua disposi\u00e7\u00e3o.<\/span><span data-ccp-props=\"{\">\u00a0<\/span><\/p>\n<p><span data-ccp-props=\"{\">\u00a0<\/span><\/p>\n<p><b><span data-contrast=\"auto\">Repercuss\u00e3o na m\u00eddia<\/span><\/b><span data-ccp-props=\"{\">\u00a0<\/span><\/p>\n<p><span data-contrast=\"auto\">O sucesso foi t\u00e3o grande que o G1 e TV Tapaj\u00f3s cobriram o projeto durante e ap\u00f3s a execu\u00e7\u00e3o dele. Numa <\/span><a href=\"https:\/\/globoplay.globo.com\/v\/11860127\/\"><span data-contrast=\"none\">mat\u00e9ria bem especial<\/span><\/a><span data-contrast=\"auto\">, o Jornal Tapaj\u00f3s 1\u00aa edi\u00e7\u00e3o transmitiu o depoimento dos educadores e alguns participantes sobre como o Olhares da Amaz\u00f4nia impactou suas vidas.<\/span><span data-ccp-props=\"{\">\u00a0<\/span><\/p>\n\r\n\t\t<style type='text\/css'>\r\n\t\t\t#gallery-3 {\r\n\t\t\t\tmargin: auto;\r\n\t\t\t}\r\n\t\t\t#gallery-3 .gallery-item {\r\n\t\t\t\tfloat: left;\r\n\t\t\t\tmargin-top: 10px;\r\n\t\t\t\ttext-align: center;\r\n\t\t\t\twidth: 33%;\r\n\t\t\t}\r\n\t\t\t#gallery-3 img {\r\n\t\t\t\tborder: 2px solid #cfcfcf;\r\n\t\t\t}\r\n\t\t\t#gallery-3 .gallery-caption {\r\n\t\t\t\tmargin-left: 0;\r\n\t\t\t}\r\n\t\t\t\/* see gallery_shortcode() in wp-includes\/media.php *\/\r\n\t\t<\/style>\n\t\t<div id='gallery-3' class='gallery galleryid-10682 gallery-columns-3 gallery-size-large'><dl class='gallery-item'>\r\n\t\t\t<dt class='gallery-icon landscape'>\r\n\t\t\t\t<a href='https:\/\/imm.ong\/en\/institucional\/projeto-tomou-conta-do-rio-arapiuns\/attachment\/clipping-2\/'><img decoding=\"async\" width=\"1024\" height=\"575\" src=\"https:\/\/imm.ong\/wp-content\/uploads\/2023\/09\/Clipping-2-1024x575.png\" class=\"attachment-large size-large\" alt=\"\" srcset=\"https:\/\/imm.ong\/wp-content\/uploads\/2023\/09\/Clipping-2-1024x575.png 1024w, https:\/\/imm.ong\/wp-content\/uploads\/2023\/09\/Clipping-2-600x337.png 600w, https:\/\/imm.ong\/wp-content\/uploads\/2023\/09\/Clipping-2-300x168.png 300w, https:\/\/imm.ong\/wp-content\/uploads\/2023\/09\/Clipping-2-768x431.png 768w, https:\/\/imm.ong\/wp-content\/uploads\/2023\/09\/Clipping-2-1536x862.png 1536w, https:\/\/imm.ong\/wp-content\/uploads\/2023\/09\/Clipping-2.png 2036w\" sizes=\"(max-width: 1024px) 100vw, 1024px\" \/><\/a>\r\n\t\t\t<\/dt><\/dl><dl class='gallery-item'>\r\n\t\t\t<dt class='gallery-icon landscape'>\r\n\t\t\t\t<a href='https:\/\/imm.ong\/en\/institucional\/projeto-tomou-conta-do-rio-arapiuns\/attachment\/clipping-3\/'><img decoding=\"async\" width=\"1024\" height=\"639\" src=\"https:\/\/imm.ong\/wp-content\/uploads\/2023\/09\/Clipping-3-1024x639.png\" class=\"attachment-large size-large\" alt=\"\" srcset=\"https:\/\/imm.ong\/wp-content\/uploads\/2023\/09\/Clipping-3-1024x639.png 1024w, https:\/\/imm.ong\/wp-content\/uploads\/2023\/09\/Clipping-3-600x374.png 600w, https:\/\/imm.ong\/wp-content\/uploads\/2023\/09\/Clipping-3-300x187.png 300w, https:\/\/imm.ong\/wp-content\/uploads\/2023\/09\/Clipping-3-768x479.png 768w, https:\/\/imm.ong\/wp-content\/uploads\/2023\/09\/Clipping-3-1536x958.png 1536w, https:\/\/imm.ong\/wp-content\/uploads\/2023\/09\/Clipping-3-2048x1277.png 2048w\" sizes=\"(max-width: 1024px) 100vw, 1024px\" \/><\/a>\r\n\t\t\t<\/dt><\/dl><dl class='gallery-item'>\r\n\t\t\t<dt class='gallery-icon landscape'>\r\n\t\t\t\t<a href='https:\/\/imm.ong\/en\/institucional\/projeto-tomou-conta-do-rio-arapiuns\/attachment\/clipping-1\/'><img decoding=\"async\" width=\"1024\" height=\"400\" src=\"https:\/\/imm.ong\/wp-content\/uploads\/2023\/09\/Clipping-1-1024x400.png\" class=\"attachment-large size-large\" alt=\"\" srcset=\"https:\/\/imm.ong\/wp-content\/uploads\/2023\/09\/Clipping-1-1024x400.png 1024w, https:\/\/imm.ong\/wp-content\/uploads\/2023\/09\/Clipping-1-600x234.png 600w, https:\/\/imm.ong\/wp-content\/uploads\/2023\/09\/Clipping-1-300x117.png 300w, https:\/\/imm.ong\/wp-content\/uploads\/2023\/09\/Clipping-1-768x300.png 768w, https:\/\/imm.ong\/wp-content\/uploads\/2023\/09\/Clipping-1-1536x600.png 1536w, https:\/\/imm.ong\/wp-content\/uploads\/2023\/09\/Clipping-1-2048x800.png 2048w\" sizes=\"(max-width: 1024px) 100vw, 1024px\" \/><\/a>\r\n\t\t\t<\/dt><\/dl><br style=\"clear: both\" \/><\/div>\n\n<p><span class=\"TextRun SCXW87649176 BCX0\" lang=\"PT-BR\" xml:lang=\"PT-BR\" data-contrast=\"auto\"><span class=\"NormalTextRun SCXW87649176 BCX0\">Tamb\u00e9m sa\u00edram not\u00edcias em ve\u00edculos como o <\/span><\/span><a class=\"Hyperlink SCXW87649176 BCX0\" href=\"https:\/\/www.instagram.com\/p\/CvHy5i4uBL1\/\" target=\"_blank\" rel=\"noreferrer noopener\"><span class=\"TextRun Underlined SCXW87649176 BCX0\" lang=\"PT-BR\" xml:lang=\"PT-BR\" data-contrast=\"none\"><span class=\"NormalTextRun SCXW87649176 BCX0\" data-ccp-charstyle=\"Hyperlink\">Tapaj\u00f3s de Fato<\/span><\/span><\/a><span class=\"TextRun SCXW87649176 BCX0\" lang=\"PT-BR\" xml:lang=\"PT-BR\" data-contrast=\"auto\"><span class=\"NormalTextRun SCXW87649176 BCX0\">, <\/span><\/span><a class=\"Hyperlink SCXW87649176 BCX0\" href=\"https:\/\/redepara.com.br\/Noticia\/235683\/comunidades-ribeirinhas-de-santarem-pa-recebem-projeto-de-fortalecimento-cultural-entre-julho-e-agosto\" target=\"_blank\" rel=\"noreferrer noopener\"><span class=\"TextRun Underlined SCXW87649176 BCX0\" lang=\"PT-BR\" xml:lang=\"PT-BR\" data-contrast=\"none\"><span class=\"NormalTextRun SCXW87649176 BCX0\" data-ccp-charstyle=\"Hyperlink\">Rede Par\u00e1<\/span><\/span><\/a><span class=\"TextRun SCXW87649176 BCX0\" lang=\"PT-BR\" xml:lang=\"PT-BR\" data-contrast=\"auto\"><span class=\"NormalTextRun SCXW87649176 BCX0\"> e na r\u00e1dio Floresta FM \u2013 Comunidade S\u00e3o Pedro.\u00a0<\/span><\/span><span class=\"EOP SCXW87649176 BCX0\" data-ccp-props=\"{\">\u00a0<\/span><\/p>\n<p><span data-contrast=\"auto\">Al\u00e9m de todos esses impactados, tivemos mais de 2 mil pessoas alcan\u00e7adas nas redes sociais da ONG ImageMagica. Incr\u00edvel, n\u00e3o?<\/span><span data-ccp-props=\"{\">\u00a0<\/span><\/p>\n<p><span data-contrast=\"auto\">A IMM, em parceria com Bayer, levou muitas experi\u00eancias e atividades ao longo do Rio Arapiuns e estamos sempre abertos para levar ainda mais em diversos outros lugares!<\/span><span data-ccp-props=\"{\">\u00a0<\/span><\/p>\n<p><span data-contrast=\"auto\">Qual outro local voc\u00ea gostaria de ver a ImageMagica ir? Nos vemos l\u00e1!<\/span><span data-ccp-props=\"{\">\u00a0<\/span><\/p>\n<p>&nbsp;<\/p>\n<p>Texto por: Ana Reis<\/p>\n<p>&nbsp;<\/p>\n<h6>Sobre a Bayer\u00a0 A Bayer \u00e9 uma empresa global com compet\u00eancias essenciais nas ci\u00eancias da vida nos setores de agroneg\u00f3cios e sa\u00fade. Seus produtos e servi\u00e7os s\u00e3o projetados para ajudar as pessoas e o planeta a prosperar, apoiando os esfor\u00e7os para superar os principais desafios apresentados por uma popula\u00e7\u00e3o global em crescimento e envelhecimento. A Bayer est\u00e1 comprometida em impulsionar o desenvolvimento sustent\u00e1vel e gerar um impacto positivo em seus neg\u00f3cios. Ao mesmo tempo, o Grupo pretende aumentar o seu poder de ganho e criar valor atrav\u00e9s da inova\u00e7\u00e3o e do crescimento. A marca Bayer representa confian\u00e7a, confiabilidade e qualidade. O Brasil \u00e9 a terceira maior opera\u00e7\u00e3o da companhia no mundo.<\/h6>\n[\/vc_column_text][\/vc_column][\/vc_row]\n","protected":false},"excerpt":{"rendered":"<p>[vc_row type=&#8221;in_container&#8221; full_screen_row_position=&#8221;middle&#8221; column_margin=&#8221;default&#8221; column_direction=&#8221;default&#8221; column_direction_tablet=&#8221;default&#8221; column_direction_phone=&#8221;default&#8221; scene_position=&#8221;center&#8221; text_color=&#8221;dark&#8221; text_align=&#8221;left&#8221; row_border_radius=&#8221;none&#8221; row_border_radius_applies=&#8221;bg&#8221; overlay_strength=&#8221;0.3&#8243; gradient_direction=&#8221;left_to_right&#8221; shape_divider_position=&#8221;bottom&#8221; bg_image_animation=&#8221;none&#8221;][vc_column column_padding=&#8221;no-extra-padding&#8221; column_padding_tablet=&#8221;inherit&#8221; column_padding_phone=&#8221;inherit&#8221; column_padding_position=&#8221;all&#8221; column_element_spacing=&#8221;default&#8221; background_color_opacity=&#8221;1&#8243; background_hover_color_opacity=&#8221;1&#8243; column_shadow=&#8221;none&#8221; column_border_radius=&#8221;none&#8221; column_link_target=&#8221;_self&#8221; gradient_direction=&#8221;left_to_right&#8221; overlay_strength=&#8221;0.3&#8243; width=&#8221;1\/1&#8243; tablet_width_inherit=&#8221;default&#8221;&#8230;<\/p>\n","protected":false},"author":14,"featured_media":10683,"comment_status":"open","ping_status":"closed","sticky":false,"template":"","format":"standard","meta":{"content-type":"","footnotes":""},"categories":[1084,1955,1337],"tags":[1937,1968,1967,1970,1940,1960,1924,1969,1923,1965,1936,1964,1954],"yst_prominent_words":[1573,1060,510,507,178,177,1101,512,647,74,48],"class_list":{"0":"post-10682","1":"post","2":"type-post","3":"status-publish","4":"format-standard","5":"has-post-thumbnail","7":"category-diario-de-bordo","8":"category-institucional","9":"category-projetos-imm","10":"tag-cultura","11":"tag-desigualdade-de-genero","12":"tag-desigualdade-social","13":"tag-empoderamento-feminino","14":"tag-empoderamento","15":"tag-ferramentas-culturais","16":"tag-fotoempoderamento","17":"tag-igualdade","18":"tag-imm","19":"tag-preconceito","20":"tag-projeto-cultural","21":"tag-projeto-para-mulher","22":"tag-projeto-social"},"yoast_head":"<!-- This site is optimized with the Yoast SEO Premium plugin v14.3 - https:\/\/yoast.com\/wordpress\/plugins\/seo\/ -->\n<title>Projeto Olhares da Amaz\u00f4nia tomou conta do Rio Arapiuns (PA); saiba mais como foi!<\/title>\n<meta name=\"description\" content=\"Entre julho e agosto, a ImageMagica emergiu no norte brasileiro, no Rio Arapiuns (PA) com o projeto Olhares da Amaz\u00f4nia.\" \/>\n<meta name=\"robots\" content=\"index, follow\" \/>\n<meta name=\"googlebot\" content=\"index, follow, max-snippet:-1, max-image-preview:large, max-video-preview:-1\" \/>\n<meta name=\"bingbot\" content=\"index, follow, max-snippet:-1, max-image-preview:large, max-video-preview:-1\" \/>\n<link rel=\"canonical\" href=\"https:\/\/imm.ong\/institucional\/projeto-tomou-conta-do-rio-arapiuns\/\" \/>\n<meta property=\"og:locale\" content=\"en_US\" \/>\n<meta property=\"og:type\" content=\"article\" \/>\n<meta property=\"og:title\" content=\"Projeto Olhares da Amaz\u00f4nia tomou conta do Rio Arapiuns (PA); saiba mais como foi!\" \/>\n<meta property=\"og:description\" content=\"Document\u00e1rio Humanidade fala sobre os tempos de pandemia do ponto de vista de profissionais de e pacientes. Est\u00e1 dispon\u00edvel no Youtube \/imagemagica.\" \/>\n<meta property=\"og:url\" content=\"https:\/\/imm.ong\/institucional\/projeto-tomou-conta-do-rio-arapiuns\/\" \/>\n<meta property=\"og:site_name\" content=\"IMM.ong\" \/>\n<meta property=\"article:publisher\" content=\"https:\/\/www.facebook.com\/imagemagica\/\" \/>\n<meta property=\"article:published_time\" content=\"2023-09-14T19:33:15+00:00\" \/>\n<meta property=\"article:modified_time\" content=\"2024-03-26T14:17:19+00:00\" \/>\n<meta property=\"og:image\" content=\"https:\/\/imm.ong\/wp-content\/uploads\/2023\/09\/DJI_0917-scaled.jpg\" \/>\n\t<meta property=\"og:image:width\" content=\"2560\" \/>\n\t<meta property=\"og:image:height\" content=\"1438\" \/>\n<meta name=\"twitter:card\" content=\"summary_large_image\" \/>\n<meta name=\"twitter:description\" content=\"Document\u00e1rio Humanidade fala sobre os tempos de pandemia do ponto de vista de profissionais de e pacientes. Est\u00e1 dispon\u00edvel no Youtube \/imagemagica.\" \/>\n<script type=\"application\/ld+json\" class=\"yoast-schema-graph\">{\"@context\":\"https:\/\/schema.org\",\"@graph\":[{\"@type\":\"Organization\",\"@id\":\"https:\/\/imm.ong\/en\/#organization\",\"name\":\"IMM.ong\",\"url\":\"https:\/\/imm.ong\/en\/\",\"sameAs\":[\"https:\/\/www.facebook.com\/imagemagica\/\",\"https:\/\/www.instagram.com\/imagemagica\/\",\"https:\/\/www.linkedin.com\/company\/imm-ong\/\",\"https:\/\/www.youtube.com\/imagemagica\"],\"logo\":{\"@type\":\"ImageObject\",\"@id\":\"https:\/\/imm.ong\/en\/#logo\",\"inLanguage\":\"en-US\",\"url\":\"https:\/\/imm.ong\/wp-content\/uploads\/2020\/04\/logo-imm-dark-small.png\",\"width\":51,\"height\":40,\"caption\":\"IMM.ong\"},\"image\":{\"@id\":\"https:\/\/imm.ong\/en\/#logo\"}},{\"@type\":\"WebSite\",\"@id\":\"https:\/\/imm.ong\/en\/#website\",\"url\":\"https:\/\/imm.ong\/en\/\",\"name\":\"IMM.ong\",\"description\":\"Tudo come\\u00e7a pelo olhar\",\"publisher\":{\"@id\":\"https:\/\/imm.ong\/en\/#organization\"},\"potentialAction\":[{\"@type\":\"SearchAction\",\"target\":\"https:\/\/imm.ong\/en\/?s={search_term_string}\",\"query-input\":\"required name=search_term_string\"}],\"inLanguage\":\"en-US\"},{\"@type\":\"ImageObject\",\"@id\":\"https:\/\/imm.ong\/institucional\/projeto-tomou-conta-do-rio-arapiuns\/#primaryimage\",\"inLanguage\":\"en-US\",\"url\":\"https:\/\/imm.ong\/wp-content\/uploads\/2023\/09\/DJI_0917-scaled.jpg\",\"width\":2560,\"height\":1438},{\"@type\":\"WebPage\",\"@id\":\"https:\/\/imm.ong\/institucional\/projeto-tomou-conta-do-rio-arapiuns\/#webpage\",\"url\":\"https:\/\/imm.ong\/institucional\/projeto-tomou-conta-do-rio-arapiuns\/\",\"name\":\"[:pt]Projeto Olhares da Amaz\\u00f4nia tomou conta do Rio Arapiuns (PA); saiba mais como foi![:] Institucional\",\"isPartOf\":{\"@id\":\"https:\/\/imm.ong\/en\/#website\"},\"primaryImageOfPage\":{\"@id\":\"https:\/\/imm.ong\/institucional\/projeto-tomou-conta-do-rio-arapiuns\/#primaryimage\"},\"datePublished\":\"2023-09-14T19:33:15+00:00\",\"dateModified\":\"2024-03-26T14:17:19+00:00\",\"description\":\"Entre julho e agosto, a ImageMagica emergiu no norte brasileiro, no Rio Arapiuns (PA) com o projeto Olhares da Amaz\\u00f4nia.\",\"inLanguage\":\"en-US\",\"potentialAction\":[{\"@type\":\"ReadAction\",\"target\":[\"https:\/\/imm.ong\/institucional\/projeto-tomou-conta-do-rio-arapiuns\/\"]}]},{\"@type\":\"Article\",\"@id\":\"https:\/\/imm.ong\/institucional\/projeto-tomou-conta-do-rio-arapiuns\/#article\",\"isPartOf\":{\"@id\":\"https:\/\/imm.ong\/institucional\/projeto-tomou-conta-do-rio-arapiuns\/#webpage\"},\"author\":{\"@id\":\"https:\/\/imm.ong\/en\/#\/schema\/person\/653880d2d4c6d9e01233e5a36d0c0e31\"},\"headline\":\"Projeto Olhares da Amaz\\u00f4nia tomou conta do Rio Arapiuns (PA); saiba mais como foi!\",\"datePublished\":\"2023-09-14T19:33:15+00:00\",\"dateModified\":\"2024-03-26T14:17:19+00:00\",\"commentCount\":0,\"mainEntityOfPage\":{\"@id\":\"https:\/\/imm.ong\/institucional\/projeto-tomou-conta-do-rio-arapiuns\/#webpage\"},\"publisher\":{\"@id\":\"https:\/\/imm.ong\/en\/#organization\"},\"image\":{\"@id\":\"https:\/\/imm.ong\/institucional\/projeto-tomou-conta-do-rio-arapiuns\/#primaryimage\"},\"keywords\":\"cultura,desigualdade de g\\u00eanero,desigualdade social,empoderamento feminino,empoderamento,ferramentas culturais,fotoempoderamento,igualdade,IMM,preconceito,projeto cultural,projeto para mulher,projeto social\",\"articleSection\":\"Di\\u00e1rio de Bordo,Institucional,Projetos IMM\",\"inLanguage\":\"en-US\",\"potentialAction\":[{\"@type\":\"CommentAction\",\"name\":\"Comment\",\"target\":[\"https:\/\/imm.ong\/institucional\/projeto-tomou-conta-do-rio-arapiuns\/#respond\"]}]},{\"@type\":[\"Person\"],\"@id\":\"https:\/\/imm.ong\/en\/#\/schema\/person\/653880d2d4c6d9e01233e5a36d0c0e31\",\"name\":\"Larissa Moreira\",\"image\":{\"@type\":\"ImageObject\",\"@id\":\"https:\/\/imm.ong\/en\/#personlogo\",\"inLanguage\":\"en-US\",\"url\":\"https:\/\/secure.gravatar.com\/avatar\/71b403eedcf133d2ad890d775e993454f7ab0a6f707dbe18c171f3938b0b1c53?s=96&d=mm&r=g\",\"caption\":\"Larissa Moreira\"}}]}<\/script>\n<!-- \/ Yoast SEO Premium plugin. -->","_links":{"self":[{"href":"https:\/\/imm.ong\/en\/wp-json\/wp\/v2\/posts\/10682","targetHints":{"allow":["GET"]}}],"collection":[{"href":"https:\/\/imm.ong\/en\/wp-json\/wp\/v2\/posts"}],"about":[{"href":"https:\/\/imm.ong\/en\/wp-json\/wp\/v2\/types\/post"}],"author":[{"embeddable":true,"href":"https:\/\/imm.ong\/en\/wp-json\/wp\/v2\/users\/14"}],"replies":[{"embeddable":true,"href":"https:\/\/imm.ong\/en\/wp-json\/wp\/v2\/comments?post=10682"}],"version-history":[{"count":5,"href":"https:\/\/imm.ong\/en\/wp-json\/wp\/v2\/posts\/10682\/revisions"}],"predecessor-version":[{"id":10688,"href":"https:\/\/imm.ong\/en\/wp-json\/wp\/v2\/posts\/10682\/revisions\/10688"}],"wp:featuredmedia":[{"embeddable":true,"href":"https:\/\/imm.ong\/en\/wp-json\/wp\/v2\/media\/10683"}],"wp:attachment":[{"href":"https:\/\/imm.ong\/en\/wp-json\/wp\/v2\/media?parent=10682"}],"wp:term":[{"taxonomy":"category","embeddable":true,"href":"https:\/\/imm.ong\/en\/wp-json\/wp\/v2\/categories?post=10682"},{"taxonomy":"post_tag","embeddable":true,"href":"https:\/\/imm.ong\/en\/wp-json\/wp\/v2\/tags?post=10682"},{"taxonomy":"yst_prominent_words","embeddable":true,"href":"https:\/\/imm.ong\/en\/wp-json\/wp\/v2\/yst_prominent_words?post=10682"}],"curies":[{"name":"wp","href":"https:\/\/api.w.org\/{rel}","templated":true}]}}