{"id":8351,"date":"2020-08-31T18:40:04","date_gmt":"2020-08-31T18:40:04","guid":{"rendered":"https:\/\/imm.ong\/?p=8351"},"modified":"2020-08-31T18:41:54","modified_gmt":"2020-08-31T18:41:54","slug":"livros-uma-poderosa-ferramenta-para-o-conhecimento","status":"publish","type":"post","link":"https:\/\/imm.ong\/en\/agenda\/livros-uma-poderosa-ferramenta-para-o-conhecimento\/","title":{"rendered":"Livros: uma poderosa ferramenta para o conhecimento"},"content":{"rendered":"[vc_row type=&#8221;in_container&#8221; full_screen_row_position=&#8221;middle&#8221; column_margin=&#8221;default&#8221; column_direction=&#8221;default&#8221; column_direction_tablet=&#8221;default&#8221; column_direction_phone=&#8221;default&#8221; scene_position=&#8221;center&#8221; text_color=&#8221;dark&#8221; text_align=&#8221;left&#8221; row_border_radius=&#8221;none&#8221; row_border_radius_applies=&#8221;bg&#8221; overlay_strength=&#8221;0.3&#8243; gradient_direction=&#8221;left_to_right&#8221; shape_divider_position=&#8221;bottom&#8221; bg_image_animation=&#8221;none&#8221;][vc_column column_padding=&#8221;no-extra-padding&#8221; column_padding_tablet=&#8221;inherit&#8221; column_padding_phone=&#8221;inherit&#8221; column_padding_position=&#8221;all&#8221; background_color_opacity=&#8221;1&#8243; background_hover_color_opacity=&#8221;1&#8243; column_shadow=&#8221;none&#8221; column_border_radius=&#8221;none&#8221; column_link_target=&#8221;_self&#8221; gradient_direction=&#8221;left_to_right&#8221; overlay_strength=&#8221;0.3&#8243; width=&#8221;1\/1&#8243; tablet_width_inherit=&#8221;default&#8221; tablet_text_alignment=&#8221;default&#8221; phone_text_alignment=&#8221;default&#8221; column_border_width=&#8221;none&#8221; column_border_style=&#8221;solid&#8221; bg_image_animation=&#8221;none&#8221;][vc_column_text]Os livros s\u00e3o uma ferramenta poderosa para entendermos o outro, ampliarmos repert\u00f3rios e enriquecermos debates sobre o mundo que nos cerca. Uma leitura pode ser capaz de abrir portas para a imagina\u00e7\u00e3o, oferecer novos pontos de vista e novas formas de se contar uma mesma hist\u00f3ria.<\/p>\n<p>Os livros fotogr\u00e1ficos feitos pela IMM sobre humaniza\u00e7\u00e3o na sa\u00fade mostram bem este poder transformador. Hist\u00f3rias vivenciadas pelo fot\u00f3grafo Andr\u00e9 Fran\u00e7ois e sua equipe puderam ser perpetuadas, contadas e recontadas para o mundo atrav\u00e9s das p\u00e1ginas de livros.<\/p>\n[\/vc_column_text][image_with_animation image_url=&#8221;7561&#8243; animation=&#8221;Fade In&#8221; hover_animation=&#8221;none&#8221; alignment=&#8221;&#8221; border_radius=&#8221;none&#8221; box_shadow=&#8221;none&#8221; image_loading=&#8221;default&#8221; max_width=&#8221;50%&#8221; max_width_mobile=&#8221;default&#8221;][vc_column_text]Recentemente, a poss\u00edvel tributa\u00e7\u00e3o de livros no Brasil ganhou o debate p\u00fablico, desde que uma proposta de reforma tribut\u00e1ria entrou em discuss\u00e3o no congresso. At\u00e9 o momento, o livro \u00e9 um produto livre de impostos. O objetivo dessa pr\u00e1tica, garantida por lei e pela Constitui\u00e7\u00e3o de 1988, \u00e9 de incentivar os h\u00e1bitos de leitura, principalmente nas classes mais baixas da popula\u00e7\u00e3o.<\/p>\n<p>O baixo \u00edndice de leitura \u00e9 um desafio no Brasil. De acordo com uma pesquisa do Instituto Pr\u00f3-Livro, a m\u00e9dia anual de livros lidos inteiros pelos brasileiros foi de 2,43 em 2015.\u00a0 Mas apesar de pequeno, o n\u00famero que vem subindo com o passar dos anos: de 2011 a 2015, a popula\u00e7\u00e3o leitora passou 50% para 56%.<\/p>\n<p>Diante de um cen\u00e1rio de ligeiro otimismo, dificuldades n\u00e3o faltam. O maior interesse da popula\u00e7\u00e3o brasileira n\u00e3o \u00e9 suficiente para deter a grave crise do mercado editorial, que j\u00e1 encolhia progressivamente h\u00e1 mais de cinco anos e que foi fortemente impactado pela recess\u00e3o econ\u00f4mica da pandemia da Covid-19.<\/p>\n<p>Caso a decis\u00e3o pela taxa\u00e7\u00e3o vigore, os <a href=\"https:\/\/g1.globo.com\/pop-arte\/noticia\/2020\/08\/11\/taxacao-de-livros-como-proposta-de-reforma-tributaria-pode-encarecer-obras.ghtml\">livros ficar\u00e3o mais caros<\/a>, as vendas cair\u00e3o e o mercado tender\u00e1 a ser ainda mais elitizado.[\/vc_column_text][vc_column_text]<strong>Entenda a tributa\u00e7\u00e3o<\/strong><\/p>\n<p>Uma primeira proposta de reforma tribut\u00e1ria foi encaminhada pelo ministro Paulo Guedes ao Congresso nos finais de julho, atrav\u00e9s do Projeto de Lei 3887\/2020. Ela prop\u00f5e o fim PIS e do Cofins, dois impostos sobre consumo atualmente em vigor, transformando-os numa \u00fanica contribui\u00e7\u00e3o, a CBS (Contribui\u00e7\u00e3o Social sobre Opera\u00e7\u00f5es com Bens e Servi\u00e7os). Entre as promessas do PL est\u00e1 a <u>taxa\u00e7\u00e3o de livros em 12%<\/u>, al\u00edquota geral da CBS.<\/p>\n<p>Entidades do setor editorial se uniram na produ\u00e7\u00e3o de um <a href=\"http:\/\/cbl.org.br\/imprensa\/noticias\/manifesto-em-defesa-do-livro\">manifesto em defesa do livro<\/a>, a ser entregue para a comiss\u00e3o avaliadora da proposta de reforma tribut\u00e1ria. Leitores, editoras e simpatizantes da causa tamb\u00e9m atuam com outras formas de mobiliza\u00e7\u00e3o e press\u00e3o popular nas redes sociais, atrav\u00e9s da hashtag #defendaolivro e de <a href=\"https:\/\/www.change.org\/p\/defenda-o-livro-diga-n%C3%A3o-%C3%A0-tributa%C3%A7%C3%A3o-de-livros?cs_tk=AmjwSwBN2OAJRDjfOl8AAXicyyvNyQEABF8BvG9Ers7n10rR9IsWn3B_uTA%3D&#038;utm_campaign=12c07cfb61b04fb2b69d32edc43b4e20&#038;utm_content=initial_v0_0_1&#038;utm_medium=email&#038;utm_source=petition_signer_receipt_welcome&#038;utm_term=cs\">abaixo-assinados<\/a>.<\/p>\n<p><strong>Para conhecer os livros publicados pela IMM, acesse a aba de document\u00e1rios.<\/strong>[\/vc_column_text][\/vc_column][\/vc_row]\n","protected":false},"excerpt":{"rendered":"<p>[vc_row type=&#8221;in_container&#8221; full_screen_row_position=&#8221;middle&#8221; column_margin=&#8221;default&#8221; column_direction=&#8221;default&#8221; column_direction_tablet=&#8221;default&#8221; column_direction_phone=&#8221;default&#8221; scene_position=&#8221;center&#8221; text_color=&#8221;dark&#8221; text_align=&#8221;left&#8221; row_border_radius=&#8221;none&#8221; row_border_radius_applies=&#8221;bg&#8221; overlay_strength=&#8221;0.3&#8243; gradient_direction=&#8221;left_to_right&#8221; shape_divider_position=&#8221;bottom&#8221; bg_image_animation=&#8221;none&#8221;][vc_column column_padding=&#8221;no-extra-padding&#8221; column_padding_tablet=&#8221;inherit&#8221; column_padding_phone=&#8221;inherit&#8221; column_padding_position=&#8221;all&#8221; background_color_opacity=&#8221;1&#8243; background_hover_color_opacity=&#8221;1&#8243; column_shadow=&#8221;none&#8221; column_border_radius=&#8221;none&#8221; column_link_target=&#8221;_self&#8221; gradient_direction=&#8221;left_to_right&#8221; overlay_strength=&#8221;0.3&#8243; width=&#8221;1\/1&#8243; tablet_width_inherit=&#8221;default&#8221; tablet_text_alignment=&#8221;default&#8221;&#8230;<\/p>\n","protected":false},"author":7,"featured_media":7562,"comment_status":"open","ping_status":"closed","sticky":false,"template":"","format":"standard","meta":{"content-type":"","footnotes":""},"categories":[1087],"tags":[],"yst_prominent_words":[180,1864,737,171],"class_list":{"0":"post-8351","1":"post","2":"type-post","3":"status-publish","4":"format-standard","5":"has-post-thumbnail","7":"category-agenda"},"yoast_head":"<!-- This site is optimized with the Yoast SEO Premium plugin v14.3 - https:\/\/yoast.com\/wordpress\/plugins\/seo\/ -->\n<title>Livros: uma poderosa ferramenta para o conhecimento<\/title>\n<meta name=\"robots\" content=\"index, follow\" \/>\n<meta name=\"googlebot\" content=\"index, follow, max-snippet:-1, max-image-preview:large, max-video-preview:-1\" \/>\n<meta name=\"bingbot\" content=\"index, follow, max-snippet:-1, max-image-preview:large, max-video-preview:-1\" \/>\n<link rel=\"canonical\" href=\"https:\/\/imm.ong\/agenda\/livros-uma-poderosa-ferramenta-para-o-conhecimento\/\" \/>\n<meta property=\"og:locale\" content=\"en_US\" \/>\n<meta property=\"og:type\" content=\"article\" \/>\n<meta property=\"og:title\" content=\"Livros: uma poderosa ferramenta para o conhecimento\" \/>\n<meta property=\"og:description\" content=\"[vc_row type=&#8221;in_container&#8221; full_screen_row_position=&#8221;middle&#8221; column_margin=&#8221;default&#8221; column_direction=&#8221;default&#8221; column_direction_tablet=&#8221;default&#8221; column_direction_phone=&#8221;default&#8221; scene_position=&#8221;center&#8221; text_color=&#8221;dark&#8221; text_align=&#8221;left&#8221; row_border_radius=&#8221;none&#8221; row_border_radius_applies=&#8221;bg&#8221; overlay_strength=&#8221;0.3&#8243; gradient_direction=&#8221;left_to_right&#8221; shape_divider_position=&#8221;bottom&#8221; bg_image_animation=&#8221;none&#8221;][vc_column column_padding=&#8221;no-extra-padding&#8221; column_padding_tablet=&#8221;inherit&#8221; column_padding_phone=&#8221;inherit&#8221; column_padding_position=&#8221;all&#8221; background_color_opacity=&#8221;1&#8243; background_hover_color_opacity=&#8221;1&#8243; column_shadow=&#8221;none&#8221; column_border_radius=&#8221;none&#8221; column_link_target=&#8221;_self&#8221; gradient_direction=&#8221;left_to_right&#8221; overlay_strength=&#8221;0.3&#8243; width=&#8221;1\/1&#8243; tablet_width_inherit=&#8221;default&#8221; tablet_text_alignment=&#8221;default&#8221;...\" \/>\n<meta property=\"og:url\" content=\"https:\/\/imm.ong\/agenda\/livros-uma-poderosa-ferramenta-para-o-conhecimento\/\" \/>\n<meta property=\"og:site_name\" content=\"IMM.ong\" \/>\n<meta property=\"article:publisher\" content=\"https:\/\/www.facebook.com\/imagemagica\/\" \/>\n<meta property=\"article:published_time\" content=\"2020-08-31T18:40:04+00:00\" \/>\n<meta property=\"article:modified_time\" content=\"2020-08-31T18:41:54+00:00\" \/>\n<meta property=\"og:image\" content=\"https:\/\/imm.ong\/wp-content\/uploads\/2020\/06\/1_AF07_06681_T1.jpg\" \/>\n\t<meta property=\"og:image:width\" content=\"1200\" \/>\n\t<meta property=\"og:image:height\" content=\"800\" \/>\n<meta name=\"twitter:card\" content=\"summary_large_image\" \/>\n<script type=\"application\/ld+json\" class=\"yoast-schema-graph\">{\"@context\":\"https:\/\/schema.org\",\"@graph\":[{\"@type\":\"Organization\",\"@id\":\"https:\/\/imm.ong\/en\/#organization\",\"name\":\"IMM.ong\",\"url\":\"https:\/\/imm.ong\/en\/\",\"sameAs\":[\"https:\/\/www.facebook.com\/imagemagica\/\",\"https:\/\/www.instagram.com\/imagemagica\/\",\"https:\/\/www.linkedin.com\/company\/imm-ong\/\",\"https:\/\/www.youtube.com\/imagemagica\"],\"logo\":{\"@type\":\"ImageObject\",\"@id\":\"https:\/\/imm.ong\/en\/#logo\",\"inLanguage\":\"en-US\",\"url\":\"https:\/\/imm.ong\/wp-content\/uploads\/2020\/04\/logo-imm-dark-small.png\",\"width\":51,\"height\":40,\"caption\":\"IMM.ong\"},\"image\":{\"@id\":\"https:\/\/imm.ong\/en\/#logo\"}},{\"@type\":\"WebSite\",\"@id\":\"https:\/\/imm.ong\/en\/#website\",\"url\":\"https:\/\/imm.ong\/en\/\",\"name\":\"IMM.ong\",\"description\":\"Tudo come\\u00e7a pelo olhar\",\"publisher\":{\"@id\":\"https:\/\/imm.ong\/en\/#organization\"},\"potentialAction\":[{\"@type\":\"SearchAction\",\"target\":\"https:\/\/imm.ong\/en\/?s={search_term_string}\",\"query-input\":\"required name=search_term_string\"}],\"inLanguage\":\"en-US\"},{\"@type\":\"ImageObject\",\"@id\":\"https:\/\/imm.ong\/agenda\/livros-uma-poderosa-ferramenta-para-o-conhecimento\/#primaryimage\",\"inLanguage\":\"en-US\",\"url\":\"https:\/\/imm.ong\/wp-content\/uploads\/2020\/06\/1_AF07_06681_T1.jpg\",\"width\":1200,\"height\":800,\"caption\":\"[:pt]Pagina dupla! \/ Maria, uma jovem de 29 anos que faz o tratamento desde 2001. Maria mudou-se para S\\u00e3o Luis quando descobriu a doen\\u00e7a, pois ainda n\\u00e3o havia a possibilidade de transporte de Barreirinha para a capital. Maria passou cinco anos na casa da irm\\u00e3, at\\u00e9 que soube por uma conhecida que Barreirinha iniciou um servi\\u00e7o de transporte para o tratamento de hemodi\\u00e1lise na capital. Ainda com medo de n\\u00e3o conseguir continuar o tratamento, Maria arriscou a volta \\u00e0 sua cidade natal, e pode rever a m\\u00e3e e sua filha pequena, que ainda moravam em Barreirinha. O pr\\u00f3prio diagn\\u00f3stico de Maria levou muito tempo, e depois de percorrer mais de cinco hospitais, Foi no Socorr\\u00e3o II que Maria recebeu a not\\u00edcia: precisava de tratamento para um problema cr\\u00f4nico nos rins. Hoje a mo\\u00e7a faz a viagem de Barreirinha tr\\u00eas vezes por semana, percurso vencido em tr\\u00eas horas. Maria deixou de trabalhar na ro\\u00e7a, e hoje sobrevive da venda de artesanatos. Vive com a fam\\u00edlia da m\\u00e3e, e junta dinheiro para comprar os medicamentos sempre que estes faltam na secretaria municipal de sa\\u00fade. Um custo que pode chegar a R$100. Nesta cena Maria esta na dialise, e passara quatro horas filtrando seu sangue. . Imagens tratadas pela Marina[:]\"},{\"@type\":\"WebPage\",\"@id\":\"https:\/\/imm.ong\/agenda\/livros-uma-poderosa-ferramenta-para-o-conhecimento\/#webpage\",\"url\":\"https:\/\/imm.ong\/agenda\/livros-uma-poderosa-ferramenta-para-o-conhecimento\/\",\"name\":\"[:pt]Livros: uma poderosa ferramenta para o conhecimento[:] - IMM.ong\",\"isPartOf\":{\"@id\":\"https:\/\/imm.ong\/en\/#website\"},\"primaryImageOfPage\":{\"@id\":\"https:\/\/imm.ong\/agenda\/livros-uma-poderosa-ferramenta-para-o-conhecimento\/#primaryimage\"},\"datePublished\":\"2020-08-31T18:40:04+00:00\",\"dateModified\":\"2020-08-31T18:41:54+00:00\",\"inLanguage\":\"en-US\",\"potentialAction\":[{\"@type\":\"ReadAction\",\"target\":[\"https:\/\/imm.ong\/agenda\/livros-uma-poderosa-ferramenta-para-o-conhecimento\/\"]}]},{\"@type\":\"Article\",\"@id\":\"https:\/\/imm.ong\/agenda\/livros-uma-poderosa-ferramenta-para-o-conhecimento\/#article\",\"isPartOf\":{\"@id\":\"https:\/\/imm.ong\/agenda\/livros-uma-poderosa-ferramenta-para-o-conhecimento\/#webpage\"},\"author\":{\"@id\":\"https:\/\/imm.ong\/en\/#\/schema\/person\/2a79fb92eea8ae8fb2637d9844ad7904\"},\"headline\":\"Livros: uma poderosa ferramenta para o conhecimento\",\"datePublished\":\"2020-08-31T18:40:04+00:00\",\"dateModified\":\"2020-08-31T18:41:54+00:00\",\"commentCount\":0,\"mainEntityOfPage\":{\"@id\":\"https:\/\/imm.ong\/agenda\/livros-uma-poderosa-ferramenta-para-o-conhecimento\/#webpage\"},\"publisher\":{\"@id\":\"https:\/\/imm.ong\/en\/#organization\"},\"image\":{\"@id\":\"https:\/\/imm.ong\/agenda\/livros-uma-poderosa-ferramenta-para-o-conhecimento\/#primaryimage\"},\"articleSection\":\"Agenda\",\"inLanguage\":\"en-US\",\"potentialAction\":[{\"@type\":\"CommentAction\",\"name\":\"Comment\",\"target\":[\"https:\/\/imm.ong\/agenda\/livros-uma-poderosa-ferramenta-para-o-conhecimento\/#respond\"]}]},{\"@type\":[\"Person\"],\"@id\":\"https:\/\/imm.ong\/en\/#\/schema\/person\/2a79fb92eea8ae8fb2637d9844ad7904\",\"name\":\"Danielle Feltrin\",\"image\":{\"@type\":\"ImageObject\",\"@id\":\"https:\/\/imm.ong\/en\/#personlogo\",\"inLanguage\":\"en-US\",\"url\":\"https:\/\/secure.gravatar.com\/avatar\/c725f06d492751275826b7a20b3cfa66ac97fee63cec3cdfc7b2e77cd73cf5b1?s=96&d=mm&r=g\",\"caption\":\"Danielle Feltrin\"}}]}<\/script>\n<!-- \/ Yoast SEO Premium plugin. -->","_links":{"self":[{"href":"https:\/\/imm.ong\/en\/wp-json\/wp\/v2\/posts\/8351","targetHints":{"allow":["GET"]}}],"collection":[{"href":"https:\/\/imm.ong\/en\/wp-json\/wp\/v2\/posts"}],"about":[{"href":"https:\/\/imm.ong\/en\/wp-json\/wp\/v2\/types\/post"}],"author":[{"embeddable":true,"href":"https:\/\/imm.ong\/en\/wp-json\/wp\/v2\/users\/7"}],"replies":[{"embeddable":true,"href":"https:\/\/imm.ong\/en\/wp-json\/wp\/v2\/comments?post=8351"}],"version-history":[{"count":0,"href":"https:\/\/imm.ong\/en\/wp-json\/wp\/v2\/posts\/8351\/revisions"}],"wp:featuredmedia":[{"embeddable":true,"href":"https:\/\/imm.ong\/en\/wp-json\/wp\/v2\/media\/7562"}],"wp:attachment":[{"href":"https:\/\/imm.ong\/en\/wp-json\/wp\/v2\/media?parent=8351"}],"wp:term":[{"taxonomy":"category","embeddable":true,"href":"https:\/\/imm.ong\/en\/wp-json\/wp\/v2\/categories?post=8351"},{"taxonomy":"post_tag","embeddable":true,"href":"https:\/\/imm.ong\/en\/wp-json\/wp\/v2\/tags?post=8351"},{"taxonomy":"yst_prominent_words","embeddable":true,"href":"https:\/\/imm.ong\/en\/wp-json\/wp\/v2\/yst_prominent_words?post=8351"}],"curies":[{"name":"wp","href":"https:\/\/api.w.org\/{rel}","templated":true}]}}