{"id":8482,"date":"2020-09-15T18:18:50","date_gmt":"2020-09-15T18:18:50","guid":{"rendered":"https:\/\/imm.ong\/?p=8482"},"modified":"2021-01-22T15:19:24","modified_gmt":"2021-01-22T15:19:24","slug":"a-importancia-da-limpeza-especializada-no-enfrentamento-da-covid-19","status":"publish","type":"post","link":"https:\/\/imm.ong\/en\/projetos-imm\/a-importancia-da-limpeza-especializada-no-enfrentamento-da-covid-19\/","title":{"rendered":"A import\u00e2ncia da limpeza especializada no enfrentamento da Covid-19"},"content":{"rendered":"[vc_row type=&#8221;in_container&#8221; full_screen_row_position=&#8221;middle&#8221; column_margin=&#8221;default&#8221; column_direction=&#8221;default&#8221; column_direction_tablet=&#8221;default&#8221; column_direction_phone=&#8221;default&#8221; scene_position=&#8221;center&#8221; text_color=&#8221;dark&#8221; text_align=&#8221;left&#8221; row_border_radius=&#8221;none&#8221; row_border_radius_applies=&#8221;bg&#8221; overlay_strength=&#8221;0.3&#8243; gradient_direction=&#8221;left_to_right&#8221; shape_divider_position=&#8221;bottom&#8221; bg_image_animation=&#8221;none&#8221;][vc_column column_padding=&#8221;no-extra-padding&#8221; column_padding_tablet=&#8221;inherit&#8221; column_padding_phone=&#8221;inherit&#8221; column_padding_position=&#8221;all&#8221; background_color_opacity=&#8221;1&#8243; background_hover_color_opacity=&#8221;1&#8243; column_shadow=&#8221;none&#8221; column_border_radius=&#8221;none&#8221; column_link_target=&#8221;_self&#8221; gradient_direction=&#8221;left_to_right&#8221; overlay_strength=&#8221;0.3&#8243; width=&#8221;1\/1&#8243; tablet_width_inherit=&#8221;default&#8221; tablet_text_alignment=&#8221;default&#8221; phone_text_alignment=&#8221;default&#8221; column_border_width=&#8221;none&#8221; column_border_style=&#8221;solid&#8221; bg_image_animation=&#8221;none&#8221;][vc_column_text]<span style=\"font-weight: 400;\">Em servi\u00e7os essenciais como a \u00e1rea da sa\u00fade, h\u00e1bitos criteriosos de limpeza e higieniza\u00e7\u00e3o s\u00e3o centrais na conten\u00e7\u00e3o da Covid-19 e de outras doen\u00e7as infectocontagiosas. Os servi\u00e7os de uma equipe capacitada, que segue protocolos r\u00edgidos de atua\u00e7\u00e3o e seguran\u00e7a s\u00e3o essenciais para o bom funcionamento dos hospitais neste cen\u00e1rio.<\/span><\/p>\n<p><span style=\"font-weight: 400;\">Durante nossa atua\u00e7\u00e3o com o projeto Conex\u00f5es do Cuidar nos hospitais, notamos o quanto isso \u00e9 fundamental para a seguran\u00e7a e bem-estar para todos que circulam nesses ambientes. No Hospital de Campanha do Anhembi em que realizamos crach\u00e1s humanizados, por exemplo, a empresa Apoio Ecolimp, que atua h\u00e1 mais de 30 anos na \u00e1rea da sa\u00fade, \u00e9 a respons\u00e1vel pela desinfec\u00e7\u00e3o e higieniza\u00e7\u00e3o.<\/span><\/p>\n<p><span style=\"font-weight: 400;\">A Apoio Ecolimp pensou mudan\u00e7as estrat\u00e9gicas de atua\u00e7\u00e3o em fun\u00e7\u00e3o da pandemia do novo coronav\u00edrus. De fato, medidas como estas t\u00eam sido fundamentais para o bom funcionamento dos hospitais e, por consequ\u00eancia, ben\u00e9ficas para a sociedade como um todo atrav\u00e9s da preven\u00e7\u00e3o da propaga\u00e7\u00e3o do v\u00edrus.<\/span>[\/vc_column_text][\/vc_column][\/vc_row]\n","protected":false},"excerpt":{"rendered":"<p>[vc_row type=&#8221;in_container&#8221; full_screen_row_position=&#8221;middle&#8221; column_margin=&#8221;default&#8221; column_direction=&#8221;default&#8221; column_direction_tablet=&#8221;default&#8221; column_direction_phone=&#8221;default&#8221; scene_position=&#8221;center&#8221; text_color=&#8221;dark&#8221; text_align=&#8221;left&#8221; row_border_radius=&#8221;none&#8221; row_border_radius_applies=&#8221;bg&#8221; overlay_strength=&#8221;0.3&#8243; gradient_direction=&#8221;left_to_right&#8221; shape_divider_position=&#8221;bottom&#8221; bg_image_animation=&#8221;none&#8221;][vc_column column_padding=&#8221;no-extra-padding&#8221; column_padding_tablet=&#8221;inherit&#8221; column_padding_phone=&#8221;inherit&#8221; column_padding_position=&#8221;all&#8221; background_color_opacity=&#8221;1&#8243; background_hover_color_opacity=&#8221;1&#8243; column_shadow=&#8221;none&#8221; column_border_radius=&#8221;none&#8221; column_link_target=&#8221;_self&#8221; gradient_direction=&#8221;left_to_right&#8221; overlay_strength=&#8221;0.3&#8243; width=&#8221;1\/1&#8243; tablet_width_inherit=&#8221;default&#8221; tablet_text_alignment=&#8221;default&#8221;&#8230;<\/p>\n","protected":false},"author":7,"featured_media":8484,"comment_status":"open","ping_status":"closed","sticky":false,"template":"","format":"standard","meta":{"content-type":"","footnotes":""},"categories":[1337],"tags":[],"yst_prominent_words":[1067,1077,168,1462],"class_list":{"0":"post-8482","1":"post","2":"type-post","3":"status-publish","4":"format-standard","5":"has-post-thumbnail","7":"category-projetos-imm"},"yoast_head":"<!-- This site is optimized with the Yoast SEO Premium plugin v14.3 - https:\/\/yoast.com\/wordpress\/plugins\/seo\/ -->\n<title>A import\u00e2ncia da limpeza especializada no enfrentamento da Covid-19<\/title>\n<meta name=\"robots\" content=\"index, follow\" \/>\n<meta name=\"googlebot\" content=\"index, follow, max-snippet:-1, max-image-preview:large, max-video-preview:-1\" \/>\n<meta name=\"bingbot\" content=\"index, follow, max-snippet:-1, max-image-preview:large, max-video-preview:-1\" \/>\n<link rel=\"canonical\" href=\"https:\/\/imm.ong\/projetos-imm\/a-importancia-da-limpeza-especializada-no-enfrentamento-da-covid-19\/\" \/>\n<meta property=\"og:locale\" content=\"en_US\" \/>\n<meta property=\"og:type\" content=\"article\" \/>\n<meta property=\"og:title\" content=\"A import\u00e2ncia da limpeza especializada no enfrentamento da Covid-19\" \/>\n<meta property=\"og:description\" content=\"[vc_row type=&#8221;in_container&#8221; full_screen_row_position=&#8221;middle&#8221; column_margin=&#8221;default&#8221; column_direction=&#8221;default&#8221; column_direction_tablet=&#8221;default&#8221; column_direction_phone=&#8221;default&#8221; scene_position=&#8221;center&#8221; text_color=&#8221;dark&#8221; text_align=&#8221;left&#8221; row_border_radius=&#8221;none&#8221; row_border_radius_applies=&#8221;bg&#8221; overlay_strength=&#8221;0.3&#8243; gradient_direction=&#8221;left_to_right&#8221; shape_divider_position=&#8221;bottom&#8221; bg_image_animation=&#8221;none&#8221;][vc_column column_padding=&#8221;no-extra-padding&#8221; column_padding_tablet=&#8221;inherit&#8221; column_padding_phone=&#8221;inherit&#8221; column_padding_position=&#8221;all&#8221; background_color_opacity=&#8221;1&#8243; background_hover_color_opacity=&#8221;1&#8243; column_shadow=&#8221;none&#8221; column_border_radius=&#8221;none&#8221; column_link_target=&#8221;_self&#8221; gradient_direction=&#8221;left_to_right&#8221; overlay_strength=&#8221;0.3&#8243; width=&#8221;1\/1&#8243; tablet_width_inherit=&#8221;default&#8221; tablet_text_alignment=&#8221;default&#8221;...\" \/>\n<meta property=\"og:url\" content=\"https:\/\/imm.ong\/projetos-imm\/a-importancia-da-limpeza-especializada-no-enfrentamento-da-covid-19\/\" \/>\n<meta property=\"og:site_name\" content=\"IMM.ong\" \/>\n<meta property=\"article:publisher\" content=\"https:\/\/www.facebook.com\/imagemagica\/\" \/>\n<meta property=\"article:published_time\" content=\"2020-09-15T18:18:50+00:00\" \/>\n<meta property=\"article:modified_time\" content=\"2021-01-22T15:19:24+00:00\" \/>\n<meta property=\"og:image\" content=\"https:\/\/imm.ong\/wp-content\/uploads\/2020\/12\/xbiosseguranca-em-foco.jpg.pagespeed.ic_.0SNb7rjKSd.jpg\" \/>\n\t<meta property=\"og:image:width\" content=\"900\" \/>\n\t<meta property=\"og:image:height\" content=\"627\" \/>\n<meta name=\"twitter:card\" content=\"summary_large_image\" \/>\n<script type=\"application\/ld+json\" class=\"yoast-schema-graph\">{\"@context\":\"https:\/\/schema.org\",\"@graph\":[{\"@type\":\"Organization\",\"@id\":\"https:\/\/imm.ong\/en\/#organization\",\"name\":\"IMM.ong\",\"url\":\"https:\/\/imm.ong\/en\/\",\"sameAs\":[\"https:\/\/www.facebook.com\/imagemagica\/\",\"https:\/\/www.instagram.com\/imagemagica\/\",\"https:\/\/www.linkedin.com\/company\/imm-ong\/\",\"https:\/\/www.youtube.com\/imagemagica\"],\"logo\":{\"@type\":\"ImageObject\",\"@id\":\"https:\/\/imm.ong\/en\/#logo\",\"inLanguage\":\"en-US\",\"url\":\"https:\/\/imm.ong\/wp-content\/uploads\/2020\/04\/logo-imm-dark-small.png\",\"width\":51,\"height\":40,\"caption\":\"IMM.ong\"},\"image\":{\"@id\":\"https:\/\/imm.ong\/en\/#logo\"}},{\"@type\":\"WebSite\",\"@id\":\"https:\/\/imm.ong\/en\/#website\",\"url\":\"https:\/\/imm.ong\/en\/\",\"name\":\"IMM.ong\",\"description\":\"Tudo come\\u00e7a pelo olhar\",\"publisher\":{\"@id\":\"https:\/\/imm.ong\/en\/#organization\"},\"potentialAction\":[{\"@type\":\"SearchAction\",\"target\":\"https:\/\/imm.ong\/en\/?s={search_term_string}\",\"query-input\":\"required name=search_term_string\"}],\"inLanguage\":\"en-US\"},{\"@type\":\"ImageObject\",\"@id\":\"https:\/\/imm.ong\/projetos-imm\/a-importancia-da-limpeza-especializada-no-enfrentamento-da-covid-19\/#primaryimage\",\"inLanguage\":\"en-US\",\"url\":\"https:\/\/imm.ong\/wp-content\/uploads\/2020\/12\/xbiosseguranca-em-foco.jpg.pagespeed.ic_.0SNb7rjKSd.jpg\",\"width\":900,\"height\":627},{\"@type\":\"WebPage\",\"@id\":\"https:\/\/imm.ong\/projetos-imm\/a-importancia-da-limpeza-especializada-no-enfrentamento-da-covid-19\/#webpage\",\"url\":\"https:\/\/imm.ong\/projetos-imm\/a-importancia-da-limpeza-especializada-no-enfrentamento-da-covid-19\/\",\"name\":\"[:pt]A import\\u00e2ncia da limpeza especializada no enfrentamento da Covid-19[:] - IMM.ong\",\"isPartOf\":{\"@id\":\"https:\/\/imm.ong\/en\/#website\"},\"primaryImageOfPage\":{\"@id\":\"https:\/\/imm.ong\/projetos-imm\/a-importancia-da-limpeza-especializada-no-enfrentamento-da-covid-19\/#primaryimage\"},\"datePublished\":\"2020-09-15T18:18:50+00:00\",\"dateModified\":\"2021-01-22T15:19:24+00:00\",\"inLanguage\":\"en-US\",\"potentialAction\":[{\"@type\":\"ReadAction\",\"target\":[\"https:\/\/imm.ong\/projetos-imm\/a-importancia-da-limpeza-especializada-no-enfrentamento-da-covid-19\/\"]}]},{\"@type\":\"Article\",\"@id\":\"https:\/\/imm.ong\/projetos-imm\/a-importancia-da-limpeza-especializada-no-enfrentamento-da-covid-19\/#article\",\"isPartOf\":{\"@id\":\"https:\/\/imm.ong\/projetos-imm\/a-importancia-da-limpeza-especializada-no-enfrentamento-da-covid-19\/#webpage\"},\"author\":{\"@id\":\"https:\/\/imm.ong\/en\/#\/schema\/person\/2a79fb92eea8ae8fb2637d9844ad7904\"},\"headline\":\"A import\\u00e2ncia da limpeza especializada no enfrentamento da Covid-19\",\"datePublished\":\"2020-09-15T18:18:50+00:00\",\"dateModified\":\"2021-01-22T15:19:24+00:00\",\"commentCount\":0,\"mainEntityOfPage\":{\"@id\":\"https:\/\/imm.ong\/projetos-imm\/a-importancia-da-limpeza-especializada-no-enfrentamento-da-covid-19\/#webpage\"},\"publisher\":{\"@id\":\"https:\/\/imm.ong\/en\/#organization\"},\"image\":{\"@id\":\"https:\/\/imm.ong\/projetos-imm\/a-importancia-da-limpeza-especializada-no-enfrentamento-da-covid-19\/#primaryimage\"},\"articleSection\":\"Projetos IMM\",\"inLanguage\":\"en-US\",\"potentialAction\":[{\"@type\":\"CommentAction\",\"name\":\"Comment\",\"target\":[\"https:\/\/imm.ong\/projetos-imm\/a-importancia-da-limpeza-especializada-no-enfrentamento-da-covid-19\/#respond\"]}]},{\"@type\":[\"Person\"],\"@id\":\"https:\/\/imm.ong\/en\/#\/schema\/person\/2a79fb92eea8ae8fb2637d9844ad7904\",\"name\":\"Danielle Feltrin\",\"image\":{\"@type\":\"ImageObject\",\"@id\":\"https:\/\/imm.ong\/en\/#personlogo\",\"inLanguage\":\"en-US\",\"url\":\"https:\/\/secure.gravatar.com\/avatar\/c725f06d492751275826b7a20b3cfa66ac97fee63cec3cdfc7b2e77cd73cf5b1?s=96&d=mm&r=g\",\"caption\":\"Danielle Feltrin\"}}]}<\/script>\n<!-- \/ Yoast SEO Premium plugin. -->","_links":{"self":[{"href":"https:\/\/imm.ong\/en\/wp-json\/wp\/v2\/posts\/8482","targetHints":{"allow":["GET"]}}],"collection":[{"href":"https:\/\/imm.ong\/en\/wp-json\/wp\/v2\/posts"}],"about":[{"href":"https:\/\/imm.ong\/en\/wp-json\/wp\/v2\/types\/post"}],"author":[{"embeddable":true,"href":"https:\/\/imm.ong\/en\/wp-json\/wp\/v2\/users\/7"}],"replies":[{"embeddable":true,"href":"https:\/\/imm.ong\/en\/wp-json\/wp\/v2\/comments?post=8482"}],"version-history":[{"count":1,"href":"https:\/\/imm.ong\/en\/wp-json\/wp\/v2\/posts\/8482\/revisions"}],"predecessor-version":[{"id":8567,"href":"https:\/\/imm.ong\/en\/wp-json\/wp\/v2\/posts\/8482\/revisions\/8567"}],"wp:featuredmedia":[{"embeddable":true,"href":"https:\/\/imm.ong\/en\/wp-json\/wp\/v2\/media\/8484"}],"wp:attachment":[{"href":"https:\/\/imm.ong\/en\/wp-json\/wp\/v2\/media?parent=8482"}],"wp:term":[{"taxonomy":"category","embeddable":true,"href":"https:\/\/imm.ong\/en\/wp-json\/wp\/v2\/categories?post=8482"},{"taxonomy":"post_tag","embeddable":true,"href":"https:\/\/imm.ong\/en\/wp-json\/wp\/v2\/tags?post=8482"},{"taxonomy":"yst_prominent_words","embeddable":true,"href":"https:\/\/imm.ong\/en\/wp-json\/wp\/v2\/yst_prominent_words?post=8482"}],"curies":[{"name":"wp","href":"https:\/\/api.w.org\/{rel}","templated":true}]}}