{"id":9944,"date":"2021-10-25T20:07:25","date_gmt":"2021-10-25T20:07:25","guid":{"rendered":"https:\/\/imm.ong\/?p=9944"},"modified":"2021-11-08T18:16:18","modified_gmt":"2021-11-08T18:16:18","slug":"fotografia-e-inclusao-pessoas-com-deficiencia","status":"publish","type":"post","link":"https:\/\/imm.ong\/en\/projetos-imm\/fotografia-e-inclusao-pessoas-com-deficiencia\/","title":{"rendered":"A import\u00e2ncia de promover a\u00e7\u00f5es culturais para pessoas com defici\u00eancia (PCD)"},"content":{"rendered":"[vc_row type=&#8221;in_container&#8221; full_screen_row_position=&#8221;middle&#8221; column_margin=&#8221;default&#8221; column_direction=&#8221;default&#8221; column_direction_tablet=&#8221;default&#8221; column_direction_phone=&#8221;default&#8221; scene_position=&#8221;center&#8221; text_color=&#8221;dark&#8221; text_align=&#8221;left&#8221; row_border_radius=&#8221;none&#8221; row_border_radius_applies=&#8221;bg&#8221; overlay_strength=&#8221;0.3&#8243; gradient_direction=&#8221;left_to_right&#8221; shape_divider_position=&#8221;bottom&#8221; bg_image_animation=&#8221;none&#8221;][vc_column column_padding=&#8221;no-extra-padding&#8221; column_padding_tablet=&#8221;inherit&#8221; column_padding_phone=&#8221;inherit&#8221; column_padding_position=&#8221;all&#8221; column_element_spacing=&#8221;default&#8221; background_color_opacity=&#8221;1&#8243; background_hover_color_opacity=&#8221;1&#8243; column_shadow=&#8221;none&#8221; column_border_radius=&#8221;none&#8221; column_link_target=&#8221;_self&#8221; gradient_direction=&#8221;left_to_right&#8221; overlay_strength=&#8221;0.3&#8243; width=&#8221;1\/1&#8243; tablet_width_inherit=&#8221;default&#8221; tablet_text_alignment=&#8221;default&#8221; phone_text_alignment=&#8221;default&#8221; bg_image_animation=&#8221;none&#8221; border_type=&#8221;simple&#8221; column_border_width=&#8221;none&#8221; column_border_style=&#8221;solid&#8221;][vc_column_text]<em>Oficina realizada na APAE de Taquarituba (SP) pela ONG ImageMagica contribui para o desenvolvimento e express\u00e3o do p\u00fablico atendido<\/em>[\/vc_column_text][vc_column_text]Voc\u00ea j\u00e1 parou para pensar na quantidade de express\u00f5es comuns, mas depreciativas sobre pessoas com defici\u00eancia (PCD)? Ainda muito comuns, palavras como \u201cretardado\u201d, \u201caleijado\u201d e \u201cd\u00e9bil mental\u201d s\u00e3o termos ultrapassados e ofensivos, que, hoje em dia, refor\u00e7am o preconceito desta popula\u00e7\u00e3o na sociedade.[\/vc_column_text][vc_column_text]De acordo com o levantamento do PNS (Pesquisa Nacional de Sa\u00fade) de 2019, realizado pelo IBGE, 2,5 milh\u00f5es, ou 1,2% de brasileiros portam defici\u00eancia intelectual. E, apesar deste fato, ainda h\u00e1 muito preconceito e desigualdade para com estas pessoas.<\/p>\n<p>Diante deste cen\u00e1rio, \u00e9 urgente a promo\u00e7\u00e3o de pol\u00edticas p\u00fablicas para promover a inclus\u00e3o de pessoas com defici\u00eancia na sociedade. Apesar da implementa\u00e7\u00e3o de leis, como a Lei de Cotas (art. 93 da Lei 8.213\/91) e a Lei Brasileira de Inclus\u00e3o (Lei 13.146\/2015), ainda h\u00e1 muito para ser colocado em pr\u00e1tica.[\/vc_column_text][image_with_animation image_url=&#8221;9948&#8243; animation=&#8221;Fade In&#8221; hover_animation=&#8221;none&#8221; alignment=&#8221;&#8221; border_radius=&#8221;none&#8221; box_shadow=&#8221;none&#8221; image_loading=&#8221;default&#8221; max_width=&#8221;50%&#8221; max_width_mobile=&#8221;default&#8221;][vc_column_text]\n<h6><strong>A\u00c7\u00d5ES CULTURAIS E SOCIAIS<\/strong><\/h6>\n<p>ONGs e diversas institui\u00e7\u00f5es t\u00eam ganhado for\u00e7a para garantir o acesso cultural, social e econ\u00f4mico para o p\u00fablico PCD. A ImageMagica, atenta a contribuir com este cen\u00e1rio, realizou uma oficina de fotografia na <a href=\"https:\/\/www.apae.com.br\/\">APAE<\/a> (Associa\u00e7\u00e3o de Pais e Amigos dos Excepcionais) na cidade de Taquarituba\/SP, uma associa\u00e7\u00e3o que tem compromisso integral a pessoas com defici\u00eancia intelectual e m\u00faltipla. Ela abrange sa\u00fade, educa\u00e7\u00e3o, assist\u00eancia social, prote\u00e7\u00e3o, capacita\u00e7\u00e3o e autogest\u00e3o. A APAE \u00e9 destacada pelo seu pioneirismo e hoje est\u00e1 presente em dois mil munic\u00edpios espalhados pelo Brasil e conta com aproximadamente 250 mil deficientes.<\/p>\n<p>Neste encontro tivemos a oportunidade de realizar diversas atividades l\u00fadicas com as pessoas envolvidas, desenvolvendo novas maneiras de express\u00e3o e olhares do mundo por meio da fotografia.[\/vc_column_text][image_with_animation image_url=&#8221;9959&#8243; animation=&#8221;Fade In&#8221; hover_animation=&#8221;none&#8221; alignment=&#8221;&#8221; border_radius=&#8221;none&#8221; box_shadow=&#8221;none&#8221; image_loading=&#8221;default&#8221; max_width=&#8221;50%&#8221; max_width_mobile=&#8221;default&#8221;][vc_column_text]\n<h6><strong>O IMPACTO DA INCLUS\u00c3O<\/strong><\/h6>\n<p>Durante a oficina de fotografia, as atividades proporcionaram a inclus\u00e3o cultural e reflex\u00e3o aos participantes a partir da leitura de livros, desenhos, v\u00eddeos explicativos, e, claro, produ\u00e7\u00e3o de fotografias que resultaram em uma linda exposi\u00e7\u00e3o. O projeto incentiva a relev\u00e2ncia coletiva, considerando cada indiv\u00edduo e a sua perspectiva, assim estimulando o pensamento cr\u00edtico, criativo e sens\u00edvel.[\/vc_column_text][vc_column_text]\n<blockquote><p>\u201cEu gostei de todas as atividades, principalmente daquelas em que eles puderam expressar suas emo\u00e7\u00f5es atrav\u00e9s do desenho. [&#8230;] Eu achei que os assistidos ficaram bastante empolgados em estarem participando, principalmente por estarem tirando fotos, que fez com que eles colocassem a emo\u00e7\u00e3o deles em cada detalhe\u201d, diz a professora Ana Cl\u00e1udia.<\/p><\/blockquote>\n[\/vc_column_text][vc_gallery type=&#8221;flexslider_style&#8221; images=&#8221;9957,9956,9955&#8243; onclick=&#8221;link_no&#8221;][vc_column_text]\n<blockquote><p>\u201cGostei de todas as atividades, o que mais gostei mesmo foi tirar foto das suculentas, eu amo muito as suculentas. Foi muito importante, vou guardar com muito carinho\u201d, diz Eder Aparecido.<\/p><\/blockquote>\n[\/vc_column_text][vc_column_text]<strong>Assista abaixo mais depoimentos dos participantes do projeto:<\/strong>[\/vc_column_text][vc_video link=&#8221;https:\/\/www.youtube.com\/watch?v=rxXxwUaHci8&#038;t=8s&#8221;][vc_column_text]Pensando na inclus\u00e3o e em outras institui\u00e7\u00f5es que poderiam receber este projeto, voc\u00ea conhece alguma que ganharia muito ao receber esta oficina cultural? Nos envie um e-mail para contato@imm.ong ou entre em contato por <a href=\"https:\/\/imm.ong\/contato\/\">aqui<\/a>.[\/vc_column_text][\/vc_column][\/vc_row][vc_row type=&#8221;in_container&#8221; full_screen_row_position=&#8221;middle&#8221; column_margin=&#8221;default&#8221; column_direction=&#8221;default&#8221; column_direction_tablet=&#8221;default&#8221; column_direction_phone=&#8221;default&#8221; scene_position=&#8221;center&#8221; text_color=&#8221;dark&#8221; text_align=&#8221;left&#8221; row_border_radius=&#8221;none&#8221; row_border_radius_applies=&#8221;bg&#8221; overlay_strength=&#8221;0.3&#8243; gradient_direction=&#8221;left_to_right&#8221; shape_divider_position=&#8221;bottom&#8221; bg_image_animation=&#8221;none&#8221;][vc_column column_padding=&#8221;no-extra-padding&#8221; column_padding_tablet=&#8221;inherit&#8221; column_padding_phone=&#8221;inherit&#8221; column_padding_position=&#8221;all&#8221; column_element_spacing=&#8221;default&#8221; background_color_opacity=&#8221;1&#8243; background_hover_color_opacity=&#8221;1&#8243; column_shadow=&#8221;none&#8221; column_border_radius=&#8221;none&#8221; column_link_target=&#8221;_self&#8221; gradient_direction=&#8221;left_to_right&#8221; overlay_strength=&#8221;0.3&#8243; width=&#8221;1\/1&#8243; tablet_width_inherit=&#8221;default&#8221; tablet_text_alignment=&#8221;default&#8221; phone_text_alignment=&#8221;default&#8221; bg_image_animation=&#8221;none&#8221; border_type=&#8221;simple&#8221; column_border_width=&#8221;none&#8221; column_border_style=&#8221;solid&#8221;][\/vc_column][\/vc_row]\n","protected":false},"excerpt":{"rendered":"<p>[vc_row type=&#8221;in_container&#8221; full_screen_row_position=&#8221;middle&#8221; column_margin=&#8221;default&#8221; column_direction=&#8221;default&#8221; column_direction_tablet=&#8221;default&#8221; column_direction_phone=&#8221;default&#8221; scene_position=&#8221;center&#8221; text_color=&#8221;dark&#8221; text_align=&#8221;left&#8221; row_border_radius=&#8221;none&#8221; row_border_radius_applies=&#8221;bg&#8221; overlay_strength=&#8221;0.3&#8243; gradient_direction=&#8221;left_to_right&#8221; shape_divider_position=&#8221;bottom&#8221; bg_image_animation=&#8221;none&#8221;][vc_column column_padding=&#8221;no-extra-padding&#8221; column_padding_tablet=&#8221;inherit&#8221; column_padding_phone=&#8221;inherit&#8221; column_padding_position=&#8221;all&#8221; column_element_spacing=&#8221;default&#8221; background_color_opacity=&#8221;1&#8243; background_hover_color_opacity=&#8221;1&#8243; column_shadow=&#8221;none&#8221; column_border_radius=&#8221;none&#8221; column_link_target=&#8221;_self&#8221; gradient_direction=&#8221;left_to_right&#8221; overlay_strength=&#8221;0.3&#8243; width=&#8221;1\/1&#8243; tablet_width_inherit=&#8221;default&#8221;&#8230;<\/p>\n","protected":false},"author":10,"featured_media":9968,"comment_status":"open","ping_status":"closed","sticky":false,"template":"","format":"standard","meta":{"content-type":"","footnotes":""},"categories":[1337],"tags":[],"yst_prominent_words":[1573,169,178,206,74,48,1066,168],"class_list":{"0":"post-9944","1":"post","2":"type-post","3":"status-publish","4":"format-standard","5":"has-post-thumbnail","7":"category-projetos-imm"},"yoast_head":"<!-- This site is optimized with the Yoast SEO Premium plugin v14.3 - https:\/\/yoast.com\/wordpress\/plugins\/seo\/ -->\n<title>Pessoas com defici\u00eancia - Fotografia e inclus\u00e3o IMM.ong<\/title>\n<meta name=\"description\" content=\"Oficina realizada na APAE de Taquarituba (SP) pela ONG ImageMagica contribui para o desenvolvimento e express\u00e3o de pessoas com defici\u00eancia\" \/>\n<meta name=\"robots\" content=\"index, follow\" \/>\n<meta name=\"googlebot\" content=\"index, follow, max-snippet:-1, max-image-preview:large, max-video-preview:-1\" \/>\n<meta name=\"bingbot\" content=\"index, follow, max-snippet:-1, max-image-preview:large, max-video-preview:-1\" \/>\n<link rel=\"canonical\" href=\"https:\/\/imm.ong\/projetos-imm\/fotografia-e-inclusao-pessoas-com-deficiencia\/\" \/>\n<meta property=\"og:locale\" content=\"en_US\" \/>\n<meta property=\"og:type\" content=\"article\" \/>\n<meta property=\"og:title\" content=\"Pessoas com defici\u00eancia - Fotografia e inclus\u00e3o IMM.ong\" \/>\n<meta property=\"og:description\" content=\"Oficina realizada na APAE de Taquarituba (SP) pela ONG ImageMagica contribui para o desenvolvimento e express\u00e3o de pessoas com defici\u00eancia\" \/>\n<meta property=\"og:url\" content=\"https:\/\/imm.ong\/projetos-imm\/fotografia-e-inclusao-pessoas-com-deficiencia\/\" \/>\n<meta property=\"og:site_name\" content=\"IMM.ong\" \/>\n<meta property=\"article:publisher\" content=\"https:\/\/www.facebook.com\/imagemagica\/\" \/>\n<meta property=\"article:published_time\" content=\"2021-10-25T20:07:25+00:00\" \/>\n<meta property=\"article:modified_time\" content=\"2021-11-08T18:16:18+00:00\" \/>\n<meta property=\"og:image\" content=\"https:\/\/imm.ong\/wp-content\/uploads\/2021\/10\/APAE_TAQUARITUBA-116-scaled-1.jpg\" \/>\n\t<meta property=\"og:image:width\" content=\"2560\" \/>\n\t<meta property=\"og:image:height\" content=\"1707\" \/>\n<meta name=\"twitter:card\" content=\"summary_large_image\" \/>\n<script type=\"application\/ld+json\" class=\"yoast-schema-graph\">{\"@context\":\"https:\/\/schema.org\",\"@graph\":[{\"@type\":\"Organization\",\"@id\":\"https:\/\/imm.ong\/en\/#organization\",\"name\":\"IMM.ong\",\"url\":\"https:\/\/imm.ong\/en\/\",\"sameAs\":[\"https:\/\/www.facebook.com\/imagemagica\/\",\"https:\/\/www.instagram.com\/imagemagica\/\",\"https:\/\/www.linkedin.com\/company\/imm-ong\/\",\"https:\/\/www.youtube.com\/imagemagica\"],\"logo\":{\"@type\":\"ImageObject\",\"@id\":\"https:\/\/imm.ong\/en\/#logo\",\"inLanguage\":\"en-US\",\"url\":\"https:\/\/imm.ong\/wp-content\/uploads\/2020\/04\/logo-imm-dark-small.png\",\"width\":51,\"height\":40,\"caption\":\"IMM.ong\"},\"image\":{\"@id\":\"https:\/\/imm.ong\/en\/#logo\"}},{\"@type\":\"WebSite\",\"@id\":\"https:\/\/imm.ong\/en\/#website\",\"url\":\"https:\/\/imm.ong\/en\/\",\"name\":\"IMM.ong\",\"description\":\"Tudo come\\u00e7a pelo olhar\",\"publisher\":{\"@id\":\"https:\/\/imm.ong\/en\/#organization\"},\"potentialAction\":[{\"@type\":\"SearchAction\",\"target\":\"https:\/\/imm.ong\/en\/?s={search_term_string}\",\"query-input\":\"required name=search_term_string\"}],\"inLanguage\":\"en-US\"},{\"@type\":\"ImageObject\",\"@id\":\"https:\/\/imm.ong\/projetos-imm\/fotografia-e-inclusao-pessoas-com-deficiencia\/#primaryimage\",\"inLanguage\":\"en-US\",\"url\":\"https:\/\/imm.ong\/wp-content\/uploads\/2021\/10\/APAE_TAQUARITUBA-116-scaled-1.jpg\",\"width\":2560,\"height\":1707,\"caption\":\"imagem do projeto FotoSocial\"},{\"@type\":\"WebPage\",\"@id\":\"https:\/\/imm.ong\/projetos-imm\/fotografia-e-inclusao-pessoas-com-deficiencia\/#webpage\",\"url\":\"https:\/\/imm.ong\/projetos-imm\/fotografia-e-inclusao-pessoas-com-deficiencia\/\",\"name\":\"Pessoas com defici\\u00eancia - Fotografia e inclus\\u00e3o IMM.ong\",\"isPartOf\":{\"@id\":\"https:\/\/imm.ong\/en\/#website\"},\"primaryImageOfPage\":{\"@id\":\"https:\/\/imm.ong\/projetos-imm\/fotografia-e-inclusao-pessoas-com-deficiencia\/#primaryimage\"},\"datePublished\":\"2021-10-25T20:07:25+00:00\",\"dateModified\":\"2021-11-08T18:16:18+00:00\",\"description\":\"Oficina realizada na APAE de Taquarituba (SP) pela ONG ImageMagica contribui para o desenvolvimento e express\\u00e3o de pessoas com defici\\u00eancia\",\"inLanguage\":\"en-US\",\"potentialAction\":[{\"@type\":\"ReadAction\",\"target\":[\"https:\/\/imm.ong\/projetos-imm\/fotografia-e-inclusao-pessoas-com-deficiencia\/\"]}]},{\"@type\":\"Article\",\"@id\":\"https:\/\/imm.ong\/projetos-imm\/fotografia-e-inclusao-pessoas-com-deficiencia\/#article\",\"isPartOf\":{\"@id\":\"https:\/\/imm.ong\/projetos-imm\/fotografia-e-inclusao-pessoas-com-deficiencia\/#webpage\"},\"author\":{\"@id\":\"https:\/\/imm.ong\/en\/#\/schema\/person\/0183ae8d1e9ec4506e1f9046234508fc\"},\"headline\":\"A import\\u00e2ncia de promover a\\u00e7\\u00f5es culturais para pessoas com defici\\u00eancia (PCD)\",\"datePublished\":\"2021-10-25T20:07:25+00:00\",\"dateModified\":\"2021-11-08T18:16:18+00:00\",\"commentCount\":0,\"mainEntityOfPage\":{\"@id\":\"https:\/\/imm.ong\/projetos-imm\/fotografia-e-inclusao-pessoas-com-deficiencia\/#webpage\"},\"publisher\":{\"@id\":\"https:\/\/imm.ong\/en\/#organization\"},\"image\":{\"@id\":\"https:\/\/imm.ong\/projetos-imm\/fotografia-e-inclusao-pessoas-com-deficiencia\/#primaryimage\"},\"articleSection\":\"Projetos IMM\",\"inLanguage\":\"en-US\",\"potentialAction\":[{\"@type\":\"CommentAction\",\"name\":\"Comment\",\"target\":[\"https:\/\/imm.ong\/projetos-imm\/fotografia-e-inclusao-pessoas-com-deficiencia\/#respond\"]}]},{\"@type\":[\"Person\"],\"@id\":\"https:\/\/imm.ong\/en\/#\/schema\/person\/0183ae8d1e9ec4506e1f9046234508fc\",\"name\":\"Alexandre Tavares\",\"image\":{\"@type\":\"ImageObject\",\"@id\":\"https:\/\/imm.ong\/en\/#personlogo\",\"inLanguage\":\"en-US\",\"url\":\"https:\/\/secure.gravatar.com\/avatar\/fdbdf7bf81be9b05282abb0ee202c074acd23792e00fb46e77aba3135458ab03?s=96&d=mm&r=g\",\"caption\":\"Alexandre Tavares\"}}]}<\/script>\n<!-- \/ Yoast SEO Premium plugin. -->","_links":{"self":[{"href":"https:\/\/imm.ong\/en\/wp-json\/wp\/v2\/posts\/9944","targetHints":{"allow":["GET"]}}],"collection":[{"href":"https:\/\/imm.ong\/en\/wp-json\/wp\/v2\/posts"}],"about":[{"href":"https:\/\/imm.ong\/en\/wp-json\/wp\/v2\/types\/post"}],"author":[{"embeddable":true,"href":"https:\/\/imm.ong\/en\/wp-json\/wp\/v2\/users\/10"}],"replies":[{"embeddable":true,"href":"https:\/\/imm.ong\/en\/wp-json\/wp\/v2\/comments?post=9944"}],"version-history":[{"count":6,"href":"https:\/\/imm.ong\/en\/wp-json\/wp\/v2\/posts\/9944\/revisions"}],"predecessor-version":[{"id":9994,"href":"https:\/\/imm.ong\/en\/wp-json\/wp\/v2\/posts\/9944\/revisions\/9994"}],"wp:featuredmedia":[{"embeddable":true,"href":"https:\/\/imm.ong\/en\/wp-json\/wp\/v2\/media\/9968"}],"wp:attachment":[{"href":"https:\/\/imm.ong\/en\/wp-json\/wp\/v2\/media?parent=9944"}],"wp:term":[{"taxonomy":"category","embeddable":true,"href":"https:\/\/imm.ong\/en\/wp-json\/wp\/v2\/categories?post=9944"},{"taxonomy":"post_tag","embeddable":true,"href":"https:\/\/imm.ong\/en\/wp-json\/wp\/v2\/tags?post=9944"},{"taxonomy":"yst_prominent_words","embeddable":true,"href":"https:\/\/imm.ong\/en\/wp-json\/wp\/v2\/yst_prominent_words?post=9944"}],"curies":[{"name":"wp","href":"https:\/\/api.w.org\/{rel}","templated":true}]}}